{"id":126,"date":"2025-05-20T12:06:22","date_gmt":"2025-05-20T12:06:22","guid":{"rendered":"https:\/\/demo.shrinkwaterindia.com\/?p=126"},"modified":"2025-07-17T06:15:09","modified_gmt":"2025-07-17T06:15:09","slug":"aktuell-bei-daltec-neues-leben-fuer-gebrauchte-anhaenger","status":"publish","type":"post","link":"http:\/\/daltec.ch\/fr\/archive\/126","title":{"rendered":"En ce moment chez Daltec ! Une nouvelle vie pour les remorques d'occasion"},"content":{"rendered":"<p>Actuellement chez Daltec !\u00a0<\/p>\r\n\r\n\r\n\r\n<p>Nous avons actuellement un grand choix de remorques d'occasion en stock.\u00a0<\/p>\r\n\r\n\r\n\r\n<p>Caissons et remorques-plateforme abaissables, remorques plateaux, bennes et divers transporteurs de voitures !\u00a0<\/p>\r\n\r\n\r\n\r\n<p>A partir du contr\u00f4le technique ou dans l'\u00e9tat. Prix n\u00e9gociables !\u00a0<\/p>\r\n\r\n\r\n\r\n<p><strong>Plus de 30 v\u00e9hicules d'occasion ou mod\u00e8les sp\u00e9ciaux se trouvent \u00e0 Avenches et peuvent \u00eatre visit\u00e9s \u00e0 tout moment.<\/strong><\/p>\r\n\r\n\r\n\r\n<p><a href=\"https:\/\/daltec.ch\/fr\/occasion\/\" target=\"_blank\" rel=\"noreferrer noopener\"><strong>Cliquez ici pour d\u00e9couvrir nos occasions du moment.<\/strong><\/a><\/p>\r\n\r\n\r\n\r\n<p>C'est peut-\u00eatre l'occasion de trouver une remorque bon march\u00e9 et en bon \u00e9tat !<\/p>\r\n\r\n\r\n\r\n<p>N'h\u00e9sitez pas \u00e0 nous appeler ou \u00e0 nous \u00e9crire. Nous vous conseillons volontiers et trouvons avec vous la solution adapt\u00e9e \u00e0 vos besoins !\u00a0<\/p>\r\n\r\n\r\n\r\n<p>Votre \u00e9quipe Daltec<\/p>\r\n\r\n\r\n\r\n<figure class=\"wp-block-image size-full\"><img loading=\"lazy\" decoding=\"async\" width=\"800\" height=\"600\" class=\"wp-image-128\" src=\"https:\/\/daltec.ch\/wp-content\/uploads\/2024\/02\/Neues-Leben-fuer-gebrauchte-Anhaenger.jpg\" alt=\"\" srcset=\"https:\/\/daltec.ch\/wp-content\/uploads\/2024\/02\/Neues-Leben-fuer-gebrauchte-Anhaenger.jpg 800w, https:\/\/daltec.ch\/wp-content\/uploads\/2024\/02\/Neues-Leben-fuer-gebrauchte-Anhaenger-600x450.jpg 600w, https:\/\/daltec.ch\/wp-content\/uploads\/2024\/02\/Neues-Leben-fuer-gebrauchte-Anhaenger-768x576.jpg 768w, https:\/\/daltec.ch\/wp-content\/uploads\/2024\/02\/Neues-Leben-fuer-gebrauchte-Anhaenger-463x348.jpg 463w, https:\/\/daltec.ch\/wp-content\/uploads\/2024\/02\/Neues-Leben-fuer-gebrauchte-Anhaenger-640x480.jpg 640w, https:\/\/daltec.ch\/wp-content\/uploads\/2024\/02\/Neues-Leben-fuer-gebrauchte-Anhaenger-400x300.jpg 400w, https:\/\/daltec.ch\/wp-content\/uploads\/2024\/02\/Neues-Leben-fuer-gebrauchte-Anhaenger-367x275.jpg 367w\" sizes=\"auto, (max-width: 800px) 100vw, 800px\" \/><\/figure>","protected":false},"excerpt":{"rendered":"<p>Aktuell bei Daltec !\u00a0 Wir haben zurzeit eine grosse Auswahl von Occasion Anh\u00e4nger am Lager.\u00a0 Koffer- und Plattform-Anh\u00e4nger absenkbar, Hochlader, Kipper und diverse Autotransporter !\u00a0 Ab MFK oder ab Platz. Preise verhandelbar !\u00a0 *** \u00dcber 30 Occasion Fahrzeuge oder Sondermodelle befinden sich in Avenches und k\u00f6nnen jederzeit besichtigt werden. *** LINK ZU \u00dcBERSICHT Vielleicht eure [&hellip;]<\/p>\n","protected":false},"author":1,"featured_media":2466,"comment_status":"open","ping_status":"open","sticky":false,"template":"","format":"standard","meta":{"_acf_changed":false,"footnotes":""},"categories":[1],"tags":[],"class_list":["post-126","post","type-post","status-publish","format-standard","has-post-thumbnail","hentry","category-news"],"acf":[],"featured_image_src":{"landsacpe":["https:\/\/daltec.ch\/wp-content\/uploads\/2024\/02\/Aktuell-bei-Daltec-Neues-Leben-fuer-gebrauchte-Anhaenger-1.webp",800,322,false],"list":["https:\/\/daltec.ch\/wp-content\/uploads\/2024\/02\/Aktuell-bei-Daltec-Neues-Leben-fuer-gebrauchte-Anhaenger-1-463x322.webp",463,322,true],"medium":["https:\/\/daltec.ch\/wp-content\/uploads\/2024\/02\/Aktuell-bei-Daltec-Neues-Leben-fuer-gebrauchte-Anhaenger-1-300x121.webp",300,121,true],"full":["https:\/\/daltec.ch\/wp-content\/uploads\/2024\/02\/Aktuell-bei-Daltec-Neues-Leben-fuer-gebrauchte-Anhaenger-1.webp",800,322,false]},"yoast_head":"<!-- This site is optimized with the Yoast SEO plugin v27.4 - https:\/\/yoast.com\/product\/yoast-seo-wordpress\/ -->\n<title>Aktuell bei Daltec! Neues Leben f\u00fcr gebrauchte Anh\u00e4nger - Daltec<\/title>\n<meta name=\"robots\" content=\"index, follow, max-snippet:-1, max-image-preview:large, max-video-preview:-1\" \/>\n<link rel=\"canonical\" href=\"https:\/\/daltec.ch\/fr\/archive\/126\/\" \/>\n<meta property=\"og:locale\" content=\"fr_FR\" \/>\n<meta property=\"og:type\" content=\"article\" \/>\n<meta property=\"og:title\" content=\"Aktuell bei Daltec! Neues Leben f\u00fcr gebrauchte Anh\u00e4nger - Daltec\" \/>\n<meta property=\"og:description\" content=\"Aktuell bei Daltec !\u00a0 Wir haben zurzeit eine grosse Auswahl von Occasion Anh\u00e4nger am Lager.\u00a0 Koffer- und Plattform-Anh\u00e4nger absenkbar, Hochlader, Kipper und diverse Autotransporter !\u00a0 Ab MFK oder ab Platz. Preise verhandelbar !\u00a0 *** \u00dcber 30 Occasion Fahrzeuge oder Sondermodelle befinden sich in Avenches und k\u00f6nnen jederzeit besichtigt werden. *** LINK ZU \u00dcBERSICHT Vielleicht eure [&hellip;]\" \/>\n<meta property=\"og:url\" content=\"https:\/\/daltec.ch\/fr\/archive\/126\/\" \/>\n<meta property=\"og:site_name\" content=\"Daltec\" \/>\n<meta property=\"article:publisher\" content=\"https:\/\/www.facebook.com\/DaltecAG\" \/>\n<meta property=\"article:published_time\" content=\"2025-05-20T12:06:22+00:00\" \/>\n<meta property=\"article:modified_time\" content=\"2025-07-17T06:15:09+00:00\" \/>\n<meta property=\"og:image\" content=\"https:\/\/daltec.ch\/wp-content\/uploads\/2024\/02\/Aktuell-bei-Daltec-Neues-Leben-fuer-gebrauchte-Anhaenger-1.webp\" \/>\n\t<meta property=\"og:image:width\" content=\"800\" \/>\n\t<meta property=\"og:image:height\" content=\"322\" \/>\n\t<meta property=\"og:image:type\" content=\"image\/webp\" \/>\n<meta name=\"author\" content=\"Daniela\" \/>\n<meta name=\"twitter:card\" content=\"summary_large_image\" \/>\n<meta name=\"twitter:label1\" content=\"\u00c9crit par\" \/>\n\t<meta name=\"twitter:data1\" content=\"Daniela\" \/>\n<script type=\"application\/ld+json\" class=\"yoast-schema-graph\">{\"@context\":\"https:\\\/\\\/schema.org\",\"@graph\":[{\"@type\":\"Article\",\"@id\":\"https:\\\/\\\/daltec.ch\\\/archive\\\/126#article\",\"isPartOf\":{\"@id\":\"https:\\\/\\\/daltec.ch\\\/archive\\\/126\"},\"author\":{\"name\":\"Daniela\",\"@id\":\"https:\\\/\\\/daltec.ch\\\/fr\\\/#\\\/schema\\\/person\\\/6dbfa4f62bf285ab82aaece448a4449a\"},\"headline\":\"Aktuell bei Daltec! Neues Leben f\u00fcr gebrauchte Anh\u00e4nger\",\"datePublished\":\"2025-05-20T12:06:22+00:00\",\"dateModified\":\"2025-07-17T06:15:09+00:00\",\"mainEntityOfPage\":{\"@id\":\"https:\\\/\\\/daltec.ch\\\/archive\\\/126\"},\"wordCount\":102,\"commentCount\":0,\"publisher\":{\"@id\":\"https:\\\/\\\/daltec.ch\\\/fr\\\/#organization\"},\"image\":{\"@id\":\"https:\\\/\\\/daltec.ch\\\/archive\\\/126#primaryimage\"},\"thumbnailUrl\":\"https:\\\/\\\/daltec.ch\\\/wp-content\\\/uploads\\\/2024\\\/02\\\/Aktuell-bei-Daltec-Neues-Leben-fuer-gebrauchte-Anhaenger-1.webp\",\"articleSection\":[\"News\"],\"inLanguage\":\"fr-FR\",\"potentialAction\":[{\"@type\":\"CommentAction\",\"name\":\"Comment\",\"target\":[\"https:\\\/\\\/daltec.ch\\\/archive\\\/126#respond\"]}]},{\"@type\":\"WebPage\",\"@id\":\"https:\\\/\\\/daltec.ch\\\/archive\\\/126\",\"url\":\"https:\\\/\\\/daltec.ch\\\/archive\\\/126\",\"name\":\"Aktuell bei Daltec! Neues Leben f\u00fcr gebrauchte Anh\u00e4nger - Daltec\",\"isPartOf\":{\"@id\":\"https:\\\/\\\/daltec.ch\\\/fr\\\/#website\"},\"primaryImageOfPage\":{\"@id\":\"https:\\\/\\\/daltec.ch\\\/archive\\\/126#primaryimage\"},\"image\":{\"@id\":\"https:\\\/\\\/daltec.ch\\\/archive\\\/126#primaryimage\"},\"thumbnailUrl\":\"https:\\\/\\\/daltec.ch\\\/wp-content\\\/uploads\\\/2024\\\/02\\\/Aktuell-bei-Daltec-Neues-Leben-fuer-gebrauchte-Anhaenger-1.webp\",\"datePublished\":\"2025-05-20T12:06:22+00:00\",\"dateModified\":\"2025-07-17T06:15:09+00:00\",\"breadcrumb\":{\"@id\":\"https:\\\/\\\/daltec.ch\\\/archive\\\/126#breadcrumb\"},\"inLanguage\":\"fr-FR\",\"potentialAction\":[{\"@type\":\"ReadAction\",\"target\":[\"https:\\\/\\\/daltec.ch\\\/archive\\\/126\"]}]},{\"@type\":\"ImageObject\",\"inLanguage\":\"fr-FR\",\"@id\":\"https:\\\/\\\/daltec.ch\\\/archive\\\/126#primaryimage\",\"url\":\"https:\\\/\\\/daltec.ch\\\/wp-content\\\/uploads\\\/2024\\\/02\\\/Aktuell-bei-Daltec-Neues-Leben-fuer-gebrauchte-Anhaenger-1.webp\",\"contentUrl\":\"https:\\\/\\\/daltec.ch\\\/wp-content\\\/uploads\\\/2024\\\/02\\\/Aktuell-bei-Daltec-Neues-Leben-fuer-gebrauchte-Anhaenger-1.webp\",\"width\":800,\"height\":322},{\"@type\":\"BreadcrumbList\",\"@id\":\"https:\\\/\\\/daltec.ch\\\/archive\\\/126#breadcrumb\",\"itemListElement\":[{\"@type\":\"ListItem\",\"position\":1,\"name\":\"Startseite\",\"item\":\"https:\\\/\\\/daltec.ch\\\/\"},{\"@type\":\"ListItem\",\"position\":2,\"name\":\"Aktuell bei Daltec! Neues Leben f\u00fcr gebrauchte Anh\u00e4nger\"}]},{\"@type\":\"WebSite\",\"@id\":\"https:\\\/\\\/daltec.ch\\\/fr\\\/#website\",\"url\":\"https:\\\/\\\/daltec.ch\\\/fr\\\/\",\"name\":\"Daltec Trailers\",\"description\":\"\",\"publisher\":{\"@id\":\"https:\\\/\\\/daltec.ch\\\/fr\\\/#organization\"},\"potentialAction\":[{\"@type\":\"SearchAction\",\"target\":{\"@type\":\"EntryPoint\",\"urlTemplate\":\"https:\\\/\\\/daltec.ch\\\/fr\\\/?s={search_term_string}\"},\"query-input\":{\"@type\":\"PropertyValueSpecification\",\"valueRequired\":true,\"valueName\":\"search_term_string\"}}],\"inLanguage\":\"fr-FR\"},{\"@type\":\"Organization\",\"@id\":\"https:\\\/\\\/daltec.ch\\\/fr\\\/#organization\",\"name\":\"Daltec AG\",\"url\":\"https:\\\/\\\/daltec.ch\\\/fr\\\/\",\"logo\":{\"@type\":\"ImageObject\",\"inLanguage\":\"fr-FR\",\"@id\":\"https:\\\/\\\/daltec.ch\\\/fr\\\/#\\\/schema\\\/logo\\\/image\\\/\",\"url\":\"https:\\\/\\\/daltec.ch\\\/wp-content\\\/uploads\\\/2025\\\/08\\\/dlteclogo.webp\",\"contentUrl\":\"https:\\\/\\\/daltec.ch\\\/wp-content\\\/uploads\\\/2025\\\/08\\\/dlteclogo.webp\",\"width\":500,\"height\":195,\"caption\":\"Daltec AG\"},\"image\":{\"@id\":\"https:\\\/\\\/daltec.ch\\\/fr\\\/#\\\/schema\\\/logo\\\/image\\\/\"},\"sameAs\":[\"https:\\\/\\\/www.facebook.com\\\/DaltecAG\"]},{\"@type\":\"Person\",\"@id\":\"https:\\\/\\\/daltec.ch\\\/fr\\\/#\\\/schema\\\/person\\\/6dbfa4f62bf285ab82aaece448a4449a\",\"name\":\"Daniela\",\"image\":{\"@type\":\"ImageObject\",\"inLanguage\":\"fr-FR\",\"@id\":\"https:\\\/\\\/secure.gravatar.com\\\/avatar\\\/26d915e548bab1cc424ef40d35e8ab718e67c577c70715b2bb2b7c188f3af16f?s=96&d=mm&r=g\",\"url\":\"https:\\\/\\\/secure.gravatar.com\\\/avatar\\\/26d915e548bab1cc424ef40d35e8ab718e67c577c70715b2bb2b7c188f3af16f?s=96&d=mm&r=g\",\"contentUrl\":\"https:\\\/\\\/secure.gravatar.com\\\/avatar\\\/26d915e548bab1cc424ef40d35e8ab718e67c577c70715b2bb2b7c188f3af16f?s=96&d=mm&r=g\",\"caption\":\"Daniela\"},\"sameAs\":[\"https:\\\/\\\/daltec.ch\"],\"url\":\"http:\\\/\\\/daltec.ch\\\/fr\\\/archive\\\/author\\\/damin\"}]}<\/script>\n<!-- \/ Yoast SEO plugin. -->","yoast_head_json":{"title":"Aktuell bei Daltec! Neues Leben f\u00fcr gebrauchte Anh\u00e4nger - Daltec","robots":{"index":"index","follow":"follow","max-snippet":"max-snippet:-1","max-image-preview":"max-image-preview:large","max-video-preview":"max-video-preview:-1"},"canonical":"https:\/\/daltec.ch\/fr\/archive\/126\/","og_locale":"fr_FR","og_type":"article","og_title":"Aktuell bei Daltec! Neues Leben f\u00fcr gebrauchte Anh\u00e4nger - Daltec","og_description":"Aktuell bei Daltec !\u00a0 Wir haben zurzeit eine grosse Auswahl von Occasion Anh\u00e4nger am Lager.\u00a0 Koffer- und Plattform-Anh\u00e4nger absenkbar, Hochlader, Kipper und diverse Autotransporter !\u00a0 Ab MFK oder ab Platz. Preise verhandelbar !\u00a0 *** \u00dcber 30 Occasion Fahrzeuge oder Sondermodelle befinden sich in Avenches und k\u00f6nnen jederzeit besichtigt werden. *** LINK ZU \u00dcBERSICHT Vielleicht eure [&hellip;]","og_url":"https:\/\/daltec.ch\/fr\/archive\/126\/","og_site_name":"Daltec","article_publisher":"https:\/\/www.facebook.com\/DaltecAG","article_published_time":"2025-05-20T12:06:22+00:00","article_modified_time":"2025-07-17T06:15:09+00:00","og_image":[{"width":800,"height":322,"url":"https:\/\/daltec.ch\/wp-content\/uploads\/2024\/02\/Aktuell-bei-Daltec-Neues-Leben-fuer-gebrauchte-Anhaenger-1.webp","type":"image\/webp"}],"author":"Daniela","twitter_card":"summary_large_image","twitter_misc":{"\u00c9crit par":"Daniela"},"schema":{"@context":"https:\/\/schema.org","@graph":[{"@type":"Article","@id":"https:\/\/daltec.ch\/archive\/126#article","isPartOf":{"@id":"https:\/\/daltec.ch\/archive\/126"},"author":{"name":"Daniela","@id":"https:\/\/daltec.ch\/fr\/#\/schema\/person\/6dbfa4f62bf285ab82aaece448a4449a"},"headline":"Aktuell bei Daltec! Neues Leben f\u00fcr gebrauchte Anh\u00e4nger","datePublished":"2025-05-20T12:06:22+00:00","dateModified":"2025-07-17T06:15:09+00:00","mainEntityOfPage":{"@id":"https:\/\/daltec.ch\/archive\/126"},"wordCount":102,"commentCount":0,"publisher":{"@id":"https:\/\/daltec.ch\/fr\/#organization"},"image":{"@id":"https:\/\/daltec.ch\/archive\/126#primaryimage"},"thumbnailUrl":"https:\/\/daltec.ch\/wp-content\/uploads\/2024\/02\/Aktuell-bei-Daltec-Neues-Leben-fuer-gebrauchte-Anhaenger-1.webp","articleSection":["News"],"inLanguage":"fr-FR","potentialAction":[{"@type":"CommentAction","name":"Comment","target":["https:\/\/daltec.ch\/archive\/126#respond"]}]},{"@type":"WebPage","@id":"https:\/\/daltec.ch\/archive\/126","url":"https:\/\/daltec.ch\/archive\/126","name":"Aktuell bei Daltec! Neues Leben f\u00fcr gebrauchte Anh\u00e4nger - Daltec","isPartOf":{"@id":"https:\/\/daltec.ch\/fr\/#website"},"primaryImageOfPage":{"@id":"https:\/\/daltec.ch\/archive\/126#primaryimage"},"image":{"@id":"https:\/\/daltec.ch\/archive\/126#primaryimage"},"thumbnailUrl":"https:\/\/daltec.ch\/wp-content\/uploads\/2024\/02\/Aktuell-bei-Daltec-Neues-Leben-fuer-gebrauchte-Anhaenger-1.webp","datePublished":"2025-05-20T12:06:22+00:00","dateModified":"2025-07-17T06:15:09+00:00","breadcrumb":{"@id":"https:\/\/daltec.ch\/archive\/126#breadcrumb"},"inLanguage":"fr-FR","potentialAction":[{"@type":"ReadAction","target":["https:\/\/daltec.ch\/archive\/126"]}]},{"@type":"ImageObject","inLanguage":"fr-FR","@id":"https:\/\/daltec.ch\/archive\/126#primaryimage","url":"https:\/\/daltec.ch\/wp-content\/uploads\/2024\/02\/Aktuell-bei-Daltec-Neues-Leben-fuer-gebrauchte-Anhaenger-1.webp","contentUrl":"https:\/\/daltec.ch\/wp-content\/uploads\/2024\/02\/Aktuell-bei-Daltec-Neues-Leben-fuer-gebrauchte-Anhaenger-1.webp","width":800,"height":322},{"@type":"BreadcrumbList","@id":"https:\/\/daltec.ch\/archive\/126#breadcrumb","itemListElement":[{"@type":"ListItem","position":1,"name":"Startseite","item":"https:\/\/daltec.ch\/"},{"@type":"ListItem","position":2,"name":"Aktuell bei Daltec! Neues Leben f\u00fcr gebrauchte Anh\u00e4nger"}]},{"@type":"WebSite","@id":"https:\/\/daltec.ch\/fr\/#website","url":"https:\/\/daltec.ch\/fr\/","name":"Daltec Trailers","description":"","publisher":{"@id":"https:\/\/daltec.ch\/fr\/#organization"},"potentialAction":[{"@type":"SearchAction","target":{"@type":"EntryPoint","urlTemplate":"https:\/\/daltec.ch\/fr\/?s={search_term_string}"},"query-input":{"@type":"PropertyValueSpecification","valueRequired":true,"valueName":"search_term_string"}}],"inLanguage":"fr-FR"},{"@type":"Organization","@id":"https:\/\/daltec.ch\/fr\/#organization","name":"Daltec AG","url":"https:\/\/daltec.ch\/fr\/","logo":{"@type":"ImageObject","inLanguage":"fr-FR","@id":"https:\/\/daltec.ch\/fr\/#\/schema\/logo\/image\/","url":"https:\/\/daltec.ch\/wp-content\/uploads\/2025\/08\/dlteclogo.webp","contentUrl":"https:\/\/daltec.ch\/wp-content\/uploads\/2025\/08\/dlteclogo.webp","width":500,"height":195,"caption":"Daltec AG"},"image":{"@id":"https:\/\/daltec.ch\/fr\/#\/schema\/logo\/image\/"},"sameAs":["https:\/\/www.facebook.com\/DaltecAG"]},{"@type":"Person","@id":"https:\/\/daltec.ch\/fr\/#\/schema\/person\/6dbfa4f62bf285ab82aaece448a4449a","name":"Daniela","image":{"@type":"ImageObject","inLanguage":"fr-FR","@id":"https:\/\/secure.gravatar.com\/avatar\/26d915e548bab1cc424ef40d35e8ab718e67c577c70715b2bb2b7c188f3af16f?s=96&d=mm&r=g","url":"https:\/\/secure.gravatar.com\/avatar\/26d915e548bab1cc424ef40d35e8ab718e67c577c70715b2bb2b7c188f3af16f?s=96&d=mm&r=g","contentUrl":"https:\/\/secure.gravatar.com\/avatar\/26d915e548bab1cc424ef40d35e8ab718e67c577c70715b2bb2b7c188f3af16f?s=96&d=mm&r=g","caption":"Daniela"},"sameAs":["https:\/\/daltec.ch"],"url":"http:\/\/daltec.ch\/fr\/archive\/author\/damin"}]}},"_links":{"self":[{"href":"http:\/\/daltec.ch\/fr\/wp-json\/wp\/v2\/posts\/126","targetHints":{"allow":["GET"]}}],"collection":[{"href":"http:\/\/daltec.ch\/fr\/wp-json\/wp\/v2\/posts"}],"about":[{"href":"http:\/\/daltec.ch\/fr\/wp-json\/wp\/v2\/types\/post"}],"author":[{"embeddable":true,"href":"http:\/\/daltec.ch\/fr\/wp-json\/wp\/v2\/users\/1"}],"replies":[{"embeddable":true,"href":"http:\/\/daltec.ch\/fr\/wp-json\/wp\/v2\/comments?post=126"}],"version-history":[{"count":3,"href":"http:\/\/daltec.ch\/fr\/wp-json\/wp\/v2\/posts\/126\/revisions"}],"predecessor-version":[{"id":3122,"href":"http:\/\/daltec.ch\/fr\/wp-json\/wp\/v2\/posts\/126\/revisions\/3122"}],"wp:featuredmedia":[{"embeddable":true,"href":"http:\/\/daltec.ch\/fr\/wp-json\/wp\/v2\/media\/2466"}],"wp:attachment":[{"href":"http:\/\/daltec.ch\/fr\/wp-json\/wp\/v2\/media?parent=126"}],"wp:term":[{"taxonomy":"category","embeddable":true,"href":"http:\/\/daltec.ch\/fr\/wp-json\/wp\/v2\/categories?post=126"},{"taxonomy":"post_tag","embeddable":true,"href":"http:\/\/daltec.ch\/fr\/wp-json\/wp\/v2\/tags?post=126"}],"curies":[{"name":"wp","href":"https:\/\/api.w.org\/{rel}","templated":true}]}}