{"id":3780,"date":"2025-10-10T15:43:35","date_gmt":"2025-10-10T15:43:35","guid":{"rendered":"https:\/\/daltec.ch\/?p=3780"},"modified":"2025-10-10T15:44:41","modified_gmt":"2025-10-10T15:44:41","slug":"multifunktionaler-fahrzeugtransporter-abkippbar","status":"publish","type":"post","link":"http:\/\/daltec.ch\/fr\/archive\/3780","title":{"rendered":"Multifunktionaler Fahrzeugtransporter abkippbar \/ Remorque porte-v\u00e9hicule multifonction basculante"},"content":{"rendered":"<p data-start=\"138\" data-end=\"360\">Multifunktionaler Fahrzeugtransporter abkippbar<\/p>\n<p data-start=\"138\" data-end=\"360\">Ideal f\u00fcr Auto-, Maschinen- und Warentransporte.<br data-start=\"259\" data-end=\"262\" \/>\u2714 Gro\u00dfe Ladefl\u00e4che<br data-start=\"280\" data-end=\"283\" \/>\u2714 Hohe Nutzlast<br data-start=\"298\" data-end=\"301\" \/>\u2714 Robust &amp; langlebig<br data-start=\"321\" data-end=\"324\" \/>\u2714 Perfekt f\u00fcr Profis und Vielnutzer!<\/p>\n<p data-start=\"362\" data-end=\"434\">Jetzt effizienter und sicherer transportieren \u2013 mit Qualit\u00e4t von Daltec!<\/p>\n<p data-start=\"436\" data-end=\"642\">#DaltecTrailers #Fahrzeugtransporter #Anh\u00e4nger #Maschinentransport #Autotransporter #Warentransport #Abkippbar #Nutzfahrzeuge #Ladefl\u00e4che #Transportprofi #Langlebig #Robust #Transportl\u00f6sung #Multifunktional<\/p>\n<p data-start=\"94\" data-end=\"353\"><strong data-start=\"94\" data-end=\"164\">Remorque porte-v\u00e9hicule multifonction basculante<\/strong><br data-start=\"164\" data-end=\"167\" \/>Parfait pour le transport de voitures, de machines et de marchandises.<br data-start=\"237\" data-end=\"240\" \/>\u2714 Grande surface de chargement<br data-start=\"270\" data-end=\"273\" \/>\u2714 Charge utile \u00e9lev\u00e9e<br data-start=\"294\" data-end=\"297\" \/>\u2714 Robuste &amp; durable<br data-start=\"316\" data-end=\"319\" \/>\u2714 Id\u00e9ale pour les professionnels !<\/p>\n<p data-start=\"355\" data-end=\"416\">Transportez plus, plus efficacement \u2013 avec la qualit\u00e9 Daltec.<\/p>\n<p data-start=\"418\" data-end=\"645\">#DaltecTrailers #Remorque #PorteV\u00e9hicule #TransportDeMachines #TransportDeVoitures #TransportDeMarchandises #RemorqueBasculante #Utilitaire #SurfaceDeChargement #TransportPro #Solide #Durable #SolutionDeTransport #Multifonction<\/p>\n<p data-start=\"418\" data-end=\"645\"><img loading=\"lazy\" decoding=\"async\" class=\"alignnone wp-image-3781\" src=\"https:\/\/daltec.ch\/wp-content\/uploads\/2025\/10\/WhatsApp-Bild-2025-10-03-um-07.52.17_32bc5a4c.jpg\" alt=\"\" width=\"563\" height=\"422\" srcset=\"https:\/\/daltec.ch\/wp-content\/uploads\/2025\/10\/WhatsApp-Bild-2025-10-03-um-07.52.17_32bc5a4c-463x348.jpg 463w, https:\/\/daltec.ch\/wp-content\/uploads\/2025\/10\/WhatsApp-Bild-2025-10-03-um-07.52.17_32bc5a4c-400x300.jpg 400w\" sizes=\"auto, (max-width: 563px) 100vw, 563px\" \/> <img loading=\"lazy\" decoding=\"async\" class=\"alignnone wp-image-3782\" src=\"https:\/\/daltec.ch\/wp-content\/uploads\/2025\/10\/WhatsApp-Bild-2025-10-03-um-07.52.17_7744c26a.jpg\" alt=\"\" width=\"562\" height=\"421\" srcset=\"https:\/\/daltec.ch\/wp-content\/uploads\/2025\/10\/WhatsApp-Bild-2025-10-03-um-07.52.17_7744c26a-463x348.jpg 463w, https:\/\/daltec.ch\/wp-content\/uploads\/2025\/10\/WhatsApp-Bild-2025-10-03-um-07.52.17_7744c26a-400x300.jpg 400w\" sizes=\"auto, (max-width: 562px) 100vw, 562px\" \/> <img loading=\"lazy\" decoding=\"async\" class=\"alignnone wp-image-3783\" src=\"https:\/\/daltec.ch\/wp-content\/uploads\/2025\/10\/WhatsApp-Bild-2025-10-03-um-07.52.17_a0ce9bc6.jpg\" alt=\"\" width=\"561\" height=\"421\" srcset=\"https:\/\/daltec.ch\/wp-content\/uploads\/2025\/10\/WhatsApp-Bild-2025-10-03-um-07.52.17_a0ce9bc6-463x348.jpg 463w, https:\/\/daltec.ch\/wp-content\/uploads\/2025\/10\/WhatsApp-Bild-2025-10-03-um-07.52.17_a0ce9bc6-400x300.jpg 400w\" sizes=\"auto, (max-width: 561px) 100vw, 561px\" \/><\/p>\n<p data-start=\"418\" data-end=\"645\">","protected":false},"excerpt":{"rendered":"<p>Multifunktionaler Fahrzeugtransporter abkippbar Ideal f\u00fcr Auto-, Maschinen- und Warentransporte.\u2714 Gro\u00dfe Ladefl\u00e4che\u2714 Hohe Nutzlast\u2714 Robust &amp; langlebig\u2714 Perfekt f\u00fcr Profis und Vielnutzer! Jetzt effizienter und sicherer transportieren \u2013 mit Qualit\u00e4t von Daltec! #DaltecTrailers #Fahrzeugtransporter #Anh\u00e4nger #Maschinentransport #Autotransporter #Warentransport #Abkippbar #Nutzfahrzeuge #Ladefl\u00e4che #Transportprofi #Langlebig #Robust #Transportl\u00f6sung #Multifunktional Remorque porte-v\u00e9hicule multifonction basculanteParfait pour le transport de voitures, de [&hellip;]<\/p>\n","protected":false},"author":1,"featured_media":3784,"comment_status":"open","ping_status":"open","sticky":false,"template":"","format":"standard","meta":{"_acf_changed":false,"footnotes":""},"categories":[1],"tags":[],"class_list":["post-3780","post","type-post","status-publish","format-standard","has-post-thumbnail","hentry","category-news"],"acf":[],"featured_image_src":{"landsacpe":["https:\/\/daltec.ch\/wp-content\/uploads\/2025\/10\/WhatsApp-Bild-2025-10-03-um-07.52.18_c00eaccb-1140x445.jpg",1140,445,true],"list":["https:\/\/daltec.ch\/wp-content\/uploads\/2025\/10\/WhatsApp-Bild-2025-10-03-um-07.52.18_c00eaccb-463x348.jpg",463,348,true],"medium":["https:\/\/daltec.ch\/wp-content\/uploads\/2025\/10\/WhatsApp-Bild-2025-10-03-um-07.52.18_c00eaccb-300x225.jpg",300,225,true],"full":["https:\/\/daltec.ch\/wp-content\/uploads\/2025\/10\/WhatsApp-Bild-2025-10-03-um-07.52.18_c00eaccb.jpg",1600,1200,false]},"yoast_head":"<!-- This site is optimized with the Yoast SEO plugin v27.4 - https:\/\/yoast.com\/product\/yoast-seo-wordpress\/ -->\n<title>Multifunktionaler Fahrzeugtransporter abkippbar \/ Remorque porte-v\u00e9hicule multifonction basculante - %<\/title>\n<meta name=\"description\" content=\"Ideal f\u00fcr Auto-, Maschinen- und Warentransporte.\u2714 Gro\u00dfe Ladefl\u00e4che\u2714 Hohe Nutzlast\u2714 Robust &amp; langlebig\u2714 Perfekt f\u00fcr Profis und Vielnutzer!\" \/>\n<meta name=\"robots\" content=\"index, follow, max-snippet:-1, max-image-preview:large, max-video-preview:-1\" \/>\n<link rel=\"canonical\" href=\"https:\/\/daltec.ch\/fr\/archive\/3780\/\" \/>\n<meta property=\"og:locale\" content=\"fr_FR\" \/>\n<meta property=\"og:type\" content=\"article\" \/>\n<meta property=\"og:title\" content=\"Multifunktionaler Fahrzeugtransporter abkippbar \/ Remorque porte-v\u00e9hicule multifonction basculante - %\" \/>\n<meta property=\"og:description\" content=\"Ideal f\u00fcr Auto-, Maschinen- und Warentransporte.\u2714 Gro\u00dfe Ladefl\u00e4che\u2714 Hohe Nutzlast\u2714 Robust &amp; langlebig\u2714 Perfekt f\u00fcr Profis und Vielnutzer!\" \/>\n<meta property=\"og:url\" content=\"https:\/\/daltec.ch\/fr\/archive\/3780\/\" \/>\n<meta property=\"og:site_name\" content=\"Daltec\" \/>\n<meta property=\"article:publisher\" content=\"https:\/\/www.facebook.com\/DaltecAG\" \/>\n<meta property=\"article:published_time\" content=\"2025-10-10T15:43:35+00:00\" \/>\n<meta property=\"article:modified_time\" content=\"2025-10-10T15:44:41+00:00\" \/>\n<meta property=\"og:image\" content=\"https:\/\/daltec.ch\/wp-content\/uploads\/2025\/10\/WhatsApp-Bild-2025-10-03-um-07.52.18_c00eaccb.jpg\" \/>\n\t<meta property=\"og:image:width\" content=\"1600\" \/>\n\t<meta property=\"og:image:height\" content=\"1200\" \/>\n\t<meta property=\"og:image:type\" content=\"image\/jpeg\" \/>\n<meta name=\"author\" content=\"Daniela\" \/>\n<meta name=\"twitter:card\" content=\"summary_large_image\" \/>\n<meta name=\"twitter:label1\" content=\"\u00c9crit par\" \/>\n\t<meta name=\"twitter:data1\" content=\"Daniela\" \/>\n\t<meta name=\"twitter:label2\" content=\"Dur\u00e9e de lecture estim\u00e9e\" \/>\n\t<meta name=\"twitter:data2\" content=\"2 minutes\" \/>\n<script type=\"application\/ld+json\" class=\"yoast-schema-graph\">{\"@context\":\"https:\\\/\\\/schema.org\",\"@graph\":[{\"@type\":\"Article\",\"@id\":\"https:\\\/\\\/daltec.ch\\\/archive\\\/3780#article\",\"isPartOf\":{\"@id\":\"https:\\\/\\\/daltec.ch\\\/archive\\\/3780\"},\"author\":{\"name\":\"Daniela\",\"@id\":\"https:\\\/\\\/daltec.ch\\\/fr\\\/#\\\/schema\\\/person\\\/6dbfa4f62bf285ab82aaece448a4449a\"},\"headline\":\"Multifunktionaler Fahrzeugtransporter abkippbar \\\/ Remorque porte-v\u00e9hicule multifonction basculante\",\"datePublished\":\"2025-10-10T15:43:35+00:00\",\"dateModified\":\"2025-10-10T15:44:41+00:00\",\"mainEntityOfPage\":{\"@id\":\"https:\\\/\\\/daltec.ch\\\/archive\\\/3780\"},\"wordCount\":115,\"commentCount\":0,\"publisher\":{\"@id\":\"https:\\\/\\\/daltec.ch\\\/fr\\\/#organization\"},\"image\":{\"@id\":\"https:\\\/\\\/daltec.ch\\\/archive\\\/3780#primaryimage\"},\"thumbnailUrl\":\"https:\\\/\\\/daltec.ch\\\/wp-content\\\/uploads\\\/2025\\\/10\\\/WhatsApp-Bild-2025-10-03-um-07.52.18_c00eaccb.jpg\",\"articleSection\":[\"News\"],\"inLanguage\":\"fr-FR\",\"potentialAction\":[{\"@type\":\"CommentAction\",\"name\":\"Comment\",\"target\":[\"https:\\\/\\\/daltec.ch\\\/archive\\\/3780#respond\"]}]},{\"@type\":\"WebPage\",\"@id\":\"https:\\\/\\\/daltec.ch\\\/archive\\\/3780\",\"url\":\"https:\\\/\\\/daltec.ch\\\/archive\\\/3780\",\"name\":\"Multifunktionaler Fahrzeugtransporter abkippbar \\\/ Remorque porte-v\u00e9hicule multifonction basculante - %\",\"isPartOf\":{\"@id\":\"https:\\\/\\\/daltec.ch\\\/fr\\\/#website\"},\"primaryImageOfPage\":{\"@id\":\"https:\\\/\\\/daltec.ch\\\/archive\\\/3780#primaryimage\"},\"image\":{\"@id\":\"https:\\\/\\\/daltec.ch\\\/archive\\\/3780#primaryimage\"},\"thumbnailUrl\":\"https:\\\/\\\/daltec.ch\\\/wp-content\\\/uploads\\\/2025\\\/10\\\/WhatsApp-Bild-2025-10-03-um-07.52.18_c00eaccb.jpg\",\"datePublished\":\"2025-10-10T15:43:35+00:00\",\"dateModified\":\"2025-10-10T15:44:41+00:00\",\"description\":\"Ideal f\u00fcr Auto-, Maschinen- und Warentransporte.\u2714 Gro\u00dfe Ladefl\u00e4che\u2714 Hohe Nutzlast\u2714 Robust & langlebig\u2714 Perfekt f\u00fcr Profis und Vielnutzer!\",\"breadcrumb\":{\"@id\":\"https:\\\/\\\/daltec.ch\\\/archive\\\/3780#breadcrumb\"},\"inLanguage\":\"fr-FR\",\"potentialAction\":[{\"@type\":\"ReadAction\",\"target\":[\"https:\\\/\\\/daltec.ch\\\/archive\\\/3780\"]}]},{\"@type\":\"ImageObject\",\"inLanguage\":\"fr-FR\",\"@id\":\"https:\\\/\\\/daltec.ch\\\/archive\\\/3780#primaryimage\",\"url\":\"https:\\\/\\\/daltec.ch\\\/wp-content\\\/uploads\\\/2025\\\/10\\\/WhatsApp-Bild-2025-10-03-um-07.52.18_c00eaccb.jpg\",\"contentUrl\":\"https:\\\/\\\/daltec.ch\\\/wp-content\\\/uploads\\\/2025\\\/10\\\/WhatsApp-Bild-2025-10-03-um-07.52.18_c00eaccb.jpg\",\"width\":1600,\"height\":1200},{\"@type\":\"BreadcrumbList\",\"@id\":\"https:\\\/\\\/daltec.ch\\\/archive\\\/3780#breadcrumb\",\"itemListElement\":[{\"@type\":\"ListItem\",\"position\":1,\"name\":\"Startseite\",\"item\":\"https:\\\/\\\/daltec.ch\\\/\"},{\"@type\":\"ListItem\",\"position\":2,\"name\":\"Multifunktionaler Fahrzeugtransporter abkippbar \\\/ Remorque porte-v\u00e9hicule multifonction basculante\"}]},{\"@type\":\"WebSite\",\"@id\":\"https:\\\/\\\/daltec.ch\\\/fr\\\/#website\",\"url\":\"https:\\\/\\\/daltec.ch\\\/fr\\\/\",\"name\":\"Daltec Trailers\",\"description\":\"\",\"publisher\":{\"@id\":\"https:\\\/\\\/daltec.ch\\\/fr\\\/#organization\"},\"potentialAction\":[{\"@type\":\"SearchAction\",\"target\":{\"@type\":\"EntryPoint\",\"urlTemplate\":\"https:\\\/\\\/daltec.ch\\\/fr\\\/?s={search_term_string}\"},\"query-input\":{\"@type\":\"PropertyValueSpecification\",\"valueRequired\":true,\"valueName\":\"search_term_string\"}}],\"inLanguage\":\"fr-FR\"},{\"@type\":\"Organization\",\"@id\":\"https:\\\/\\\/daltec.ch\\\/fr\\\/#organization\",\"name\":\"Daltec AG\",\"url\":\"https:\\\/\\\/daltec.ch\\\/fr\\\/\",\"logo\":{\"@type\":\"ImageObject\",\"inLanguage\":\"fr-FR\",\"@id\":\"https:\\\/\\\/daltec.ch\\\/fr\\\/#\\\/schema\\\/logo\\\/image\\\/\",\"url\":\"https:\\\/\\\/daltec.ch\\\/wp-content\\\/uploads\\\/2025\\\/08\\\/dlteclogo.webp\",\"contentUrl\":\"https:\\\/\\\/daltec.ch\\\/wp-content\\\/uploads\\\/2025\\\/08\\\/dlteclogo.webp\",\"width\":500,\"height\":195,\"caption\":\"Daltec AG\"},\"image\":{\"@id\":\"https:\\\/\\\/daltec.ch\\\/fr\\\/#\\\/schema\\\/logo\\\/image\\\/\"},\"sameAs\":[\"https:\\\/\\\/www.facebook.com\\\/DaltecAG\"]},{\"@type\":\"Person\",\"@id\":\"https:\\\/\\\/daltec.ch\\\/fr\\\/#\\\/schema\\\/person\\\/6dbfa4f62bf285ab82aaece448a4449a\",\"name\":\"Daniela\",\"image\":{\"@type\":\"ImageObject\",\"inLanguage\":\"fr-FR\",\"@id\":\"https:\\\/\\\/secure.gravatar.com\\\/avatar\\\/26d915e548bab1cc424ef40d35e8ab718e67c577c70715b2bb2b7c188f3af16f?s=96&d=mm&r=g\",\"url\":\"https:\\\/\\\/secure.gravatar.com\\\/avatar\\\/26d915e548bab1cc424ef40d35e8ab718e67c577c70715b2bb2b7c188f3af16f?s=96&d=mm&r=g\",\"contentUrl\":\"https:\\\/\\\/secure.gravatar.com\\\/avatar\\\/26d915e548bab1cc424ef40d35e8ab718e67c577c70715b2bb2b7c188f3af16f?s=96&d=mm&r=g\",\"caption\":\"Daniela\"},\"sameAs\":[\"https:\\\/\\\/daltec.ch\"],\"url\":\"http:\\\/\\\/daltec.ch\\\/fr\\\/archive\\\/author\\\/damin\"}]}<\/script>\n<!-- \/ Yoast SEO plugin. -->","yoast_head_json":{"title":"Multifunktionaler Fahrzeugtransporter abkippbar \/ Remorque porte-v\u00e9hicule multifonction basculante - %","description":"Ideal f\u00fcr Auto-, Maschinen- und Warentransporte.\u2714 Gro\u00dfe Ladefl\u00e4che\u2714 Hohe Nutzlast\u2714 Robust & langlebig\u2714 Perfekt f\u00fcr Profis und Vielnutzer!","robots":{"index":"index","follow":"follow","max-snippet":"max-snippet:-1","max-image-preview":"max-image-preview:large","max-video-preview":"max-video-preview:-1"},"canonical":"https:\/\/daltec.ch\/fr\/archive\/3780\/","og_locale":"fr_FR","og_type":"article","og_title":"Multifunktionaler Fahrzeugtransporter abkippbar \/ Remorque porte-v\u00e9hicule multifonction basculante - %","og_description":"Ideal f\u00fcr Auto-, Maschinen- und Warentransporte.\u2714 Gro\u00dfe Ladefl\u00e4che\u2714 Hohe Nutzlast\u2714 Robust & langlebig\u2714 Perfekt f\u00fcr Profis und Vielnutzer!","og_url":"https:\/\/daltec.ch\/fr\/archive\/3780\/","og_site_name":"Daltec","article_publisher":"https:\/\/www.facebook.com\/DaltecAG","article_published_time":"2025-10-10T15:43:35+00:00","article_modified_time":"2025-10-10T15:44:41+00:00","og_image":[{"width":1600,"height":1200,"url":"https:\/\/daltec.ch\/wp-content\/uploads\/2025\/10\/WhatsApp-Bild-2025-10-03-um-07.52.18_c00eaccb.jpg","type":"image\/jpeg"}],"author":"Daniela","twitter_card":"summary_large_image","twitter_misc":{"\u00c9crit par":"Daniela","Dur\u00e9e de lecture estim\u00e9e":"2 minutes"},"schema":{"@context":"https:\/\/schema.org","@graph":[{"@type":"Article","@id":"https:\/\/daltec.ch\/archive\/3780#article","isPartOf":{"@id":"https:\/\/daltec.ch\/archive\/3780"},"author":{"name":"Daniela","@id":"https:\/\/daltec.ch\/fr\/#\/schema\/person\/6dbfa4f62bf285ab82aaece448a4449a"},"headline":"Multifunktionaler Fahrzeugtransporter abkippbar \/ Remorque porte-v\u00e9hicule multifonction basculante","datePublished":"2025-10-10T15:43:35+00:00","dateModified":"2025-10-10T15:44:41+00:00","mainEntityOfPage":{"@id":"https:\/\/daltec.ch\/archive\/3780"},"wordCount":115,"commentCount":0,"publisher":{"@id":"https:\/\/daltec.ch\/fr\/#organization"},"image":{"@id":"https:\/\/daltec.ch\/archive\/3780#primaryimage"},"thumbnailUrl":"https:\/\/daltec.ch\/wp-content\/uploads\/2025\/10\/WhatsApp-Bild-2025-10-03-um-07.52.18_c00eaccb.jpg","articleSection":["News"],"inLanguage":"fr-FR","potentialAction":[{"@type":"CommentAction","name":"Comment","target":["https:\/\/daltec.ch\/archive\/3780#respond"]}]},{"@type":"WebPage","@id":"https:\/\/daltec.ch\/archive\/3780","url":"https:\/\/daltec.ch\/archive\/3780","name":"Multifunktionaler Fahrzeugtransporter abkippbar \/ Remorque porte-v\u00e9hicule multifonction basculante - %","isPartOf":{"@id":"https:\/\/daltec.ch\/fr\/#website"},"primaryImageOfPage":{"@id":"https:\/\/daltec.ch\/archive\/3780#primaryimage"},"image":{"@id":"https:\/\/daltec.ch\/archive\/3780#primaryimage"},"thumbnailUrl":"https:\/\/daltec.ch\/wp-content\/uploads\/2025\/10\/WhatsApp-Bild-2025-10-03-um-07.52.18_c00eaccb.jpg","datePublished":"2025-10-10T15:43:35+00:00","dateModified":"2025-10-10T15:44:41+00:00","description":"Ideal f\u00fcr Auto-, Maschinen- und Warentransporte.\u2714 Gro\u00dfe Ladefl\u00e4che\u2714 Hohe Nutzlast\u2714 Robust & langlebig\u2714 Perfekt f\u00fcr Profis und Vielnutzer!","breadcrumb":{"@id":"https:\/\/daltec.ch\/archive\/3780#breadcrumb"},"inLanguage":"fr-FR","potentialAction":[{"@type":"ReadAction","target":["https:\/\/daltec.ch\/archive\/3780"]}]},{"@type":"ImageObject","inLanguage":"fr-FR","@id":"https:\/\/daltec.ch\/archive\/3780#primaryimage","url":"https:\/\/daltec.ch\/wp-content\/uploads\/2025\/10\/WhatsApp-Bild-2025-10-03-um-07.52.18_c00eaccb.jpg","contentUrl":"https:\/\/daltec.ch\/wp-content\/uploads\/2025\/10\/WhatsApp-Bild-2025-10-03-um-07.52.18_c00eaccb.jpg","width":1600,"height":1200},{"@type":"BreadcrumbList","@id":"https:\/\/daltec.ch\/archive\/3780#breadcrumb","itemListElement":[{"@type":"ListItem","position":1,"name":"Startseite","item":"https:\/\/daltec.ch\/"},{"@type":"ListItem","position":2,"name":"Multifunktionaler Fahrzeugtransporter abkippbar \/ Remorque porte-v\u00e9hicule multifonction basculante"}]},{"@type":"WebSite","@id":"https:\/\/daltec.ch\/fr\/#website","url":"https:\/\/daltec.ch\/fr\/","name":"Daltec Trailers","description":"","publisher":{"@id":"https:\/\/daltec.ch\/fr\/#organization"},"potentialAction":[{"@type":"SearchAction","target":{"@type":"EntryPoint","urlTemplate":"https:\/\/daltec.ch\/fr\/?s={search_term_string}"},"query-input":{"@type":"PropertyValueSpecification","valueRequired":true,"valueName":"search_term_string"}}],"inLanguage":"fr-FR"},{"@type":"Organization","@id":"https:\/\/daltec.ch\/fr\/#organization","name":"Daltec AG","url":"https:\/\/daltec.ch\/fr\/","logo":{"@type":"ImageObject","inLanguage":"fr-FR","@id":"https:\/\/daltec.ch\/fr\/#\/schema\/logo\/image\/","url":"https:\/\/daltec.ch\/wp-content\/uploads\/2025\/08\/dlteclogo.webp","contentUrl":"https:\/\/daltec.ch\/wp-content\/uploads\/2025\/08\/dlteclogo.webp","width":500,"height":195,"caption":"Daltec AG"},"image":{"@id":"https:\/\/daltec.ch\/fr\/#\/schema\/logo\/image\/"},"sameAs":["https:\/\/www.facebook.com\/DaltecAG"]},{"@type":"Person","@id":"https:\/\/daltec.ch\/fr\/#\/schema\/person\/6dbfa4f62bf285ab82aaece448a4449a","name":"Daniela","image":{"@type":"ImageObject","inLanguage":"fr-FR","@id":"https:\/\/secure.gravatar.com\/avatar\/26d915e548bab1cc424ef40d35e8ab718e67c577c70715b2bb2b7c188f3af16f?s=96&d=mm&r=g","url":"https:\/\/secure.gravatar.com\/avatar\/26d915e548bab1cc424ef40d35e8ab718e67c577c70715b2bb2b7c188f3af16f?s=96&d=mm&r=g","contentUrl":"https:\/\/secure.gravatar.com\/avatar\/26d915e548bab1cc424ef40d35e8ab718e67c577c70715b2bb2b7c188f3af16f?s=96&d=mm&r=g","caption":"Daniela"},"sameAs":["https:\/\/daltec.ch"],"url":"http:\/\/daltec.ch\/fr\/archive\/author\/damin"}]}},"_links":{"self":[{"href":"http:\/\/daltec.ch\/fr\/wp-json\/wp\/v2\/posts\/3780","targetHints":{"allow":["GET"]}}],"collection":[{"href":"http:\/\/daltec.ch\/fr\/wp-json\/wp\/v2\/posts"}],"about":[{"href":"http:\/\/daltec.ch\/fr\/wp-json\/wp\/v2\/types\/post"}],"author":[{"embeddable":true,"href":"http:\/\/daltec.ch\/fr\/wp-json\/wp\/v2\/users\/1"}],"replies":[{"embeddable":true,"href":"http:\/\/daltec.ch\/fr\/wp-json\/wp\/v2\/comments?post=3780"}],"version-history":[{"count":2,"href":"http:\/\/daltec.ch\/fr\/wp-json\/wp\/v2\/posts\/3780\/revisions"}],"predecessor-version":[{"id":3786,"href":"http:\/\/daltec.ch\/fr\/wp-json\/wp\/v2\/posts\/3780\/revisions\/3786"}],"wp:featuredmedia":[{"embeddable":true,"href":"http:\/\/daltec.ch\/fr\/wp-json\/wp\/v2\/media\/3784"}],"wp:attachment":[{"href":"http:\/\/daltec.ch\/fr\/wp-json\/wp\/v2\/media?parent=3780"}],"wp:term":[{"taxonomy":"category","embeddable":true,"href":"http:\/\/daltec.ch\/fr\/wp-json\/wp\/v2\/categories?post=3780"},{"taxonomy":"post_tag","embeddable":true,"href":"http:\/\/daltec.ch\/fr\/wp-json\/wp\/v2\/tags?post=3780"}],"curies":[{"name":"wp","href":"https:\/\/api.w.org\/{rel}","templated":true}]}}