{"id":3797,"date":"2025-10-22T10:08:54","date_gmt":"2025-10-22T10:08:54","guid":{"rendered":"https:\/\/daltec.ch\/?p=3797"},"modified":"2025-10-22T10:08:54","modified_gmt":"2025-10-22T10:08:54","slug":"city-trailer-anhaengerzuege","status":"publish","type":"post","link":"http:\/\/daltec.ch\/fr\/archive\/3797","title":{"rendered":"City-Trailer Anh\u00e4ngerz\u00fcge"},"content":{"rendered":"<p>City-Trailer Anh\u00e4ngerz\u00fcge<br \/>\nOccasion in gutem Zustand zu g\u00fcnstigen\u00a0Preisen<\/p>\n<p>#CityTrailer #Anh\u00e4ngerzug #OccasionAnh\u00e4nger #Nutzfahrzeuge #LKWAnh\u00e4nger #GebrauchtAnh\u00e4nger #Transportl\u00f6sungen #G\u00fcnstigePreise #GuterZustand #Fuhrpark<\/p>\n<p>Remorques City-Trailer<br \/>\nOccasion en bon \u00e9tat \u00e0 des prix avantageux<\/p>\n<p>#CityTrailer #RemorqueOccasion #Camions #V\u00e9hiculesUtilitaires #Remorques #Bon\u00c9tat #PrixAvantageux #Transport #FlotteUtilitaire #Mat\u00e9rielTP<\/p>\n<p>&nbsp;<\/p>\n<p><img loading=\"lazy\" decoding=\"async\" class=\"alignnone  wp-image-3804\" src=\"https:\/\/daltec.ch\/wp-content\/uploads\/2025\/10\/City-Trailer-mit-an-zug-4-1.jpg\" alt=\"\" width=\"399\" height=\"319\" \/><img loading=\"lazy\" decoding=\"async\" class=\"alignnone  wp-image-3803\" src=\"https:\/\/daltec.ch\/wp-content\/uploads\/2025\/10\/City-Trailer-mit-an-zug-6.jpg\" alt=\"\" width=\"425\" height=\"319\" \/> <img loading=\"lazy\" decoding=\"async\" class=\"alignnone  wp-image-3802\" src=\"https:\/\/daltec.ch\/wp-content\/uploads\/2025\/10\/City-Trailer-mit-an-zug-5.jpg\" alt=\"\" width=\"426\" height=\"319\" \/> \u00a0<img loading=\"lazy\" decoding=\"async\" class=\"alignnone  wp-image-3799\" src=\"https:\/\/daltec.ch\/wp-content\/uploads\/2025\/10\/City-Trailer-mit-an-zug-2.jpg\" alt=\"\" width=\"423\" height=\"317\" \/> <img loading=\"lazy\" decoding=\"async\" class=\"alignnone  wp-image-3798\" src=\"https:\/\/daltec.ch\/wp-content\/uploads\/2025\/10\/City-Trailer-mit-an-zug-1.jpg\" alt=\"\" width=\"421\" height=\"315\" \/><\/p>","protected":false},"excerpt":{"rendered":"<p>City-Trailer Anh\u00e4ngerz\u00fcge<br \/>\nOccasion in gutem Zustand zu g\u00fcnstigen\u00a0Preisen<\/p>","protected":false},"author":1,"featured_media":3800,"comment_status":"open","ping_status":"open","sticky":false,"template":"","format":"standard","meta":{"_acf_changed":false,"footnotes":""},"categories":[1],"tags":[],"class_list":["post-3797","post","type-post","status-publish","format-standard","has-post-thumbnail","hentry","category-news"],"acf":[],"featured_image_src":{"landsacpe":["https:\/\/daltec.ch\/wp-content\/uploads\/2025\/10\/City-Trailer-mit-an-zug-3-1140x445.jpg",1140,445,true],"list":["https:\/\/daltec.ch\/wp-content\/uploads\/2025\/10\/City-Trailer-mit-an-zug-3-463x348.jpg",463,348,true],"medium":["https:\/\/daltec.ch\/wp-content\/uploads\/2025\/10\/City-Trailer-mit-an-zug-3-300x225.jpg",300,225,true],"full":["https:\/\/daltec.ch\/wp-content\/uploads\/2025\/10\/City-Trailer-mit-an-zug-3.jpg",1600,1200,false]},"yoast_head":"<!-- This site is optimized with the Yoast SEO plugin v27.4 - https:\/\/yoast.com\/product\/yoast-seo-wordpress\/ -->\n<title>City-Trailer Anh\u00e4ngerz\u00fcge - Daltec<\/title>\n<meta name=\"description\" content=\"City-Trailer Anh\u00e4ngerz\u00fcge Occasion in gutem Zustand zu g\u00fcnstigen\u00a0Preisen.\" \/>\n<meta name=\"robots\" content=\"index, follow, max-snippet:-1, max-image-preview:large, max-video-preview:-1\" \/>\n<link rel=\"canonical\" href=\"https:\/\/daltec.ch\/fr\/archive\/3797\/\" \/>\n<meta property=\"og:locale\" content=\"fr_FR\" \/>\n<meta property=\"og:type\" content=\"article\" \/>\n<meta property=\"og:title\" content=\"City-Trailer Anh\u00e4ngerz\u00fcge - Daltec\" \/>\n<meta property=\"og:description\" content=\"City-Trailer Anh\u00e4ngerz\u00fcge Occasion in gutem Zustand zu g\u00fcnstigen\u00a0Preisen.\" \/>\n<meta property=\"og:url\" content=\"https:\/\/daltec.ch\/fr\/archive\/3797\/\" \/>\n<meta property=\"og:site_name\" content=\"Daltec\" \/>\n<meta property=\"article:publisher\" content=\"https:\/\/www.facebook.com\/DaltecAG\" \/>\n<meta property=\"article:published_time\" content=\"2025-10-22T10:08:54+00:00\" \/>\n<meta property=\"og:image\" content=\"https:\/\/daltec.ch\/wp-content\/uploads\/2025\/10\/City-Trailer-mit-an-zug-3.jpg\" \/>\n\t<meta property=\"og:image:width\" content=\"1600\" \/>\n\t<meta property=\"og:image:height\" content=\"1200\" \/>\n\t<meta property=\"og:image:type\" content=\"image\/jpeg\" \/>\n<meta name=\"author\" content=\"Daniela\" \/>\n<meta name=\"twitter:card\" content=\"summary_large_image\" \/>\n<meta name=\"twitter:label1\" content=\"\u00c9crit par\" \/>\n\t<meta name=\"twitter:data1\" content=\"Daniela\" \/>\n\t<meta name=\"twitter:label2\" content=\"Dur\u00e9e de lecture estim\u00e9e\" \/>\n\t<meta name=\"twitter:data2\" content=\"2 minutes\" \/>\n<script type=\"application\/ld+json\" class=\"yoast-schema-graph\">{\"@context\":\"https:\\\/\\\/schema.org\",\"@graph\":[{\"@type\":\"Article\",\"@id\":\"https:\\\/\\\/daltec.ch\\\/archive\\\/3797#article\",\"isPartOf\":{\"@id\":\"https:\\\/\\\/daltec.ch\\\/archive\\\/3797\"},\"author\":{\"name\":\"Daniela\",\"@id\":\"https:\\\/\\\/daltec.ch\\\/fr\\\/#\\\/schema\\\/person\\\/6dbfa4f62bf285ab82aaece448a4449a\"},\"headline\":\"City-Trailer Anh\u00e4ngerz\u00fcge\",\"datePublished\":\"2025-10-22T10:08:54+00:00\",\"mainEntityOfPage\":{\"@id\":\"https:\\\/\\\/daltec.ch\\\/archive\\\/3797\"},\"wordCount\":55,\"commentCount\":0,\"publisher\":{\"@id\":\"https:\\\/\\\/daltec.ch\\\/fr\\\/#organization\"},\"image\":{\"@id\":\"https:\\\/\\\/daltec.ch\\\/archive\\\/3797#primaryimage\"},\"thumbnailUrl\":\"https:\\\/\\\/daltec.ch\\\/wp-content\\\/uploads\\\/2025\\\/10\\\/City-Trailer-mit-an-zug-3.jpg\",\"articleSection\":[\"News\"],\"inLanguage\":\"fr-FR\",\"potentialAction\":[{\"@type\":\"CommentAction\",\"name\":\"Comment\",\"target\":[\"https:\\\/\\\/daltec.ch\\\/archive\\\/3797#respond\"]}]},{\"@type\":\"WebPage\",\"@id\":\"https:\\\/\\\/daltec.ch\\\/archive\\\/3797\",\"url\":\"https:\\\/\\\/daltec.ch\\\/archive\\\/3797\",\"name\":\"City-Trailer Anh\u00e4ngerz\u00fcge - Daltec\",\"isPartOf\":{\"@id\":\"https:\\\/\\\/daltec.ch\\\/fr\\\/#website\"},\"primaryImageOfPage\":{\"@id\":\"https:\\\/\\\/daltec.ch\\\/archive\\\/3797#primaryimage\"},\"image\":{\"@id\":\"https:\\\/\\\/daltec.ch\\\/archive\\\/3797#primaryimage\"},\"thumbnailUrl\":\"https:\\\/\\\/daltec.ch\\\/wp-content\\\/uploads\\\/2025\\\/10\\\/City-Trailer-mit-an-zug-3.jpg\",\"datePublished\":\"2025-10-22T10:08:54+00:00\",\"description\":\"City-Trailer Anh\u00e4ngerz\u00fcge Occasion in gutem Zustand zu g\u00fcnstigen\u00a0Preisen.\",\"breadcrumb\":{\"@id\":\"https:\\\/\\\/daltec.ch\\\/archive\\\/3797#breadcrumb\"},\"inLanguage\":\"fr-FR\",\"potentialAction\":[{\"@type\":\"ReadAction\",\"target\":[\"https:\\\/\\\/daltec.ch\\\/archive\\\/3797\"]}]},{\"@type\":\"ImageObject\",\"inLanguage\":\"fr-FR\",\"@id\":\"https:\\\/\\\/daltec.ch\\\/archive\\\/3797#primaryimage\",\"url\":\"https:\\\/\\\/daltec.ch\\\/wp-content\\\/uploads\\\/2025\\\/10\\\/City-Trailer-mit-an-zug-3.jpg\",\"contentUrl\":\"https:\\\/\\\/daltec.ch\\\/wp-content\\\/uploads\\\/2025\\\/10\\\/City-Trailer-mit-an-zug-3.jpg\",\"width\":1600,\"height\":1200},{\"@type\":\"BreadcrumbList\",\"@id\":\"https:\\\/\\\/daltec.ch\\\/archive\\\/3797#breadcrumb\",\"itemListElement\":[{\"@type\":\"ListItem\",\"position\":1,\"name\":\"Startseite\",\"item\":\"https:\\\/\\\/daltec.ch\\\/\"},{\"@type\":\"ListItem\",\"position\":2,\"name\":\"City-Trailer Anh\u00e4ngerz\u00fcge\"}]},{\"@type\":\"WebSite\",\"@id\":\"https:\\\/\\\/daltec.ch\\\/fr\\\/#website\",\"url\":\"https:\\\/\\\/daltec.ch\\\/fr\\\/\",\"name\":\"Daltec Trailers\",\"description\":\"\",\"publisher\":{\"@id\":\"https:\\\/\\\/daltec.ch\\\/fr\\\/#organization\"},\"potentialAction\":[{\"@type\":\"SearchAction\",\"target\":{\"@type\":\"EntryPoint\",\"urlTemplate\":\"https:\\\/\\\/daltec.ch\\\/fr\\\/?s={search_term_string}\"},\"query-input\":{\"@type\":\"PropertyValueSpecification\",\"valueRequired\":true,\"valueName\":\"search_term_string\"}}],\"inLanguage\":\"fr-FR\"},{\"@type\":\"Organization\",\"@id\":\"https:\\\/\\\/daltec.ch\\\/fr\\\/#organization\",\"name\":\"Daltec AG\",\"url\":\"https:\\\/\\\/daltec.ch\\\/fr\\\/\",\"logo\":{\"@type\":\"ImageObject\",\"inLanguage\":\"fr-FR\",\"@id\":\"https:\\\/\\\/daltec.ch\\\/fr\\\/#\\\/schema\\\/logo\\\/image\\\/\",\"url\":\"https:\\\/\\\/daltec.ch\\\/wp-content\\\/uploads\\\/2025\\\/08\\\/dlteclogo.webp\",\"contentUrl\":\"https:\\\/\\\/daltec.ch\\\/wp-content\\\/uploads\\\/2025\\\/08\\\/dlteclogo.webp\",\"width\":500,\"height\":195,\"caption\":\"Daltec AG\"},\"image\":{\"@id\":\"https:\\\/\\\/daltec.ch\\\/fr\\\/#\\\/schema\\\/logo\\\/image\\\/\"},\"sameAs\":[\"https:\\\/\\\/www.facebook.com\\\/DaltecAG\"]},{\"@type\":\"Person\",\"@id\":\"https:\\\/\\\/daltec.ch\\\/fr\\\/#\\\/schema\\\/person\\\/6dbfa4f62bf285ab82aaece448a4449a\",\"name\":\"Daniela\",\"image\":{\"@type\":\"ImageObject\",\"inLanguage\":\"fr-FR\",\"@id\":\"https:\\\/\\\/secure.gravatar.com\\\/avatar\\\/26d915e548bab1cc424ef40d35e8ab718e67c577c70715b2bb2b7c188f3af16f?s=96&d=mm&r=g\",\"url\":\"https:\\\/\\\/secure.gravatar.com\\\/avatar\\\/26d915e548bab1cc424ef40d35e8ab718e67c577c70715b2bb2b7c188f3af16f?s=96&d=mm&r=g\",\"contentUrl\":\"https:\\\/\\\/secure.gravatar.com\\\/avatar\\\/26d915e548bab1cc424ef40d35e8ab718e67c577c70715b2bb2b7c188f3af16f?s=96&d=mm&r=g\",\"caption\":\"Daniela\"},\"sameAs\":[\"https:\\\/\\\/daltec.ch\"],\"url\":\"http:\\\/\\\/daltec.ch\\\/fr\\\/archive\\\/author\\\/damin\"}]}<\/script>\n<!-- \/ Yoast SEO plugin. -->","yoast_head_json":{"title":"City-Trailer Anh\u00e4ngerz\u00fcge - Daltec","description":"City-Trailer Anh\u00e4ngerz\u00fcge Occasion in gutem Zustand zu g\u00fcnstigen\u00a0Preisen.","robots":{"index":"index","follow":"follow","max-snippet":"max-snippet:-1","max-image-preview":"max-image-preview:large","max-video-preview":"max-video-preview:-1"},"canonical":"https:\/\/daltec.ch\/fr\/archive\/3797\/","og_locale":"fr_FR","og_type":"article","og_title":"City-Trailer Anh\u00e4ngerz\u00fcge - Daltec","og_description":"City-Trailer Anh\u00e4ngerz\u00fcge Occasion in gutem Zustand zu g\u00fcnstigen\u00a0Preisen.","og_url":"https:\/\/daltec.ch\/fr\/archive\/3797\/","og_site_name":"Daltec","article_publisher":"https:\/\/www.facebook.com\/DaltecAG","article_published_time":"2025-10-22T10:08:54+00:00","og_image":[{"width":1600,"height":1200,"url":"https:\/\/daltec.ch\/wp-content\/uploads\/2025\/10\/City-Trailer-mit-an-zug-3.jpg","type":"image\/jpeg"}],"author":"Daniela","twitter_card":"summary_large_image","twitter_misc":{"\u00c9crit par":"Daniela","Dur\u00e9e de lecture estim\u00e9e":"2 minutes"},"schema":{"@context":"https:\/\/schema.org","@graph":[{"@type":"Article","@id":"https:\/\/daltec.ch\/archive\/3797#article","isPartOf":{"@id":"https:\/\/daltec.ch\/archive\/3797"},"author":{"name":"Daniela","@id":"https:\/\/daltec.ch\/fr\/#\/schema\/person\/6dbfa4f62bf285ab82aaece448a4449a"},"headline":"City-Trailer Anh\u00e4ngerz\u00fcge","datePublished":"2025-10-22T10:08:54+00:00","mainEntityOfPage":{"@id":"https:\/\/daltec.ch\/archive\/3797"},"wordCount":55,"commentCount":0,"publisher":{"@id":"https:\/\/daltec.ch\/fr\/#organization"},"image":{"@id":"https:\/\/daltec.ch\/archive\/3797#primaryimage"},"thumbnailUrl":"https:\/\/daltec.ch\/wp-content\/uploads\/2025\/10\/City-Trailer-mit-an-zug-3.jpg","articleSection":["News"],"inLanguage":"fr-FR","potentialAction":[{"@type":"CommentAction","name":"Comment","target":["https:\/\/daltec.ch\/archive\/3797#respond"]}]},{"@type":"WebPage","@id":"https:\/\/daltec.ch\/archive\/3797","url":"https:\/\/daltec.ch\/archive\/3797","name":"City-Trailer Anh\u00e4ngerz\u00fcge - Daltec","isPartOf":{"@id":"https:\/\/daltec.ch\/fr\/#website"},"primaryImageOfPage":{"@id":"https:\/\/daltec.ch\/archive\/3797#primaryimage"},"image":{"@id":"https:\/\/daltec.ch\/archive\/3797#primaryimage"},"thumbnailUrl":"https:\/\/daltec.ch\/wp-content\/uploads\/2025\/10\/City-Trailer-mit-an-zug-3.jpg","datePublished":"2025-10-22T10:08:54+00:00","description":"City-Trailer Anh\u00e4ngerz\u00fcge Occasion in gutem Zustand zu g\u00fcnstigen\u00a0Preisen.","breadcrumb":{"@id":"https:\/\/daltec.ch\/archive\/3797#breadcrumb"},"inLanguage":"fr-FR","potentialAction":[{"@type":"ReadAction","target":["https:\/\/daltec.ch\/archive\/3797"]}]},{"@type":"ImageObject","inLanguage":"fr-FR","@id":"https:\/\/daltec.ch\/archive\/3797#primaryimage","url":"https:\/\/daltec.ch\/wp-content\/uploads\/2025\/10\/City-Trailer-mit-an-zug-3.jpg","contentUrl":"https:\/\/daltec.ch\/wp-content\/uploads\/2025\/10\/City-Trailer-mit-an-zug-3.jpg","width":1600,"height":1200},{"@type":"BreadcrumbList","@id":"https:\/\/daltec.ch\/archive\/3797#breadcrumb","itemListElement":[{"@type":"ListItem","position":1,"name":"Startseite","item":"https:\/\/daltec.ch\/"},{"@type":"ListItem","position":2,"name":"City-Trailer Anh\u00e4ngerz\u00fcge"}]},{"@type":"WebSite","@id":"https:\/\/daltec.ch\/fr\/#website","url":"https:\/\/daltec.ch\/fr\/","name":"Daltec Trailers","description":"","publisher":{"@id":"https:\/\/daltec.ch\/fr\/#organization"},"potentialAction":[{"@type":"SearchAction","target":{"@type":"EntryPoint","urlTemplate":"https:\/\/daltec.ch\/fr\/?s={search_term_string}"},"query-input":{"@type":"PropertyValueSpecification","valueRequired":true,"valueName":"search_term_string"}}],"inLanguage":"fr-FR"},{"@type":"Organization","@id":"https:\/\/daltec.ch\/fr\/#organization","name":"Daltec AG","url":"https:\/\/daltec.ch\/fr\/","logo":{"@type":"ImageObject","inLanguage":"fr-FR","@id":"https:\/\/daltec.ch\/fr\/#\/schema\/logo\/image\/","url":"https:\/\/daltec.ch\/wp-content\/uploads\/2025\/08\/dlteclogo.webp","contentUrl":"https:\/\/daltec.ch\/wp-content\/uploads\/2025\/08\/dlteclogo.webp","width":500,"height":195,"caption":"Daltec AG"},"image":{"@id":"https:\/\/daltec.ch\/fr\/#\/schema\/logo\/image\/"},"sameAs":["https:\/\/www.facebook.com\/DaltecAG"]},{"@type":"Person","@id":"https:\/\/daltec.ch\/fr\/#\/schema\/person\/6dbfa4f62bf285ab82aaece448a4449a","name":"Daniela","image":{"@type":"ImageObject","inLanguage":"fr-FR","@id":"https:\/\/secure.gravatar.com\/avatar\/26d915e548bab1cc424ef40d35e8ab718e67c577c70715b2bb2b7c188f3af16f?s=96&d=mm&r=g","url":"https:\/\/secure.gravatar.com\/avatar\/26d915e548bab1cc424ef40d35e8ab718e67c577c70715b2bb2b7c188f3af16f?s=96&d=mm&r=g","contentUrl":"https:\/\/secure.gravatar.com\/avatar\/26d915e548bab1cc424ef40d35e8ab718e67c577c70715b2bb2b7c188f3af16f?s=96&d=mm&r=g","caption":"Daniela"},"sameAs":["https:\/\/daltec.ch"],"url":"http:\/\/daltec.ch\/fr\/archive\/author\/damin"}]}},"_links":{"self":[{"href":"http:\/\/daltec.ch\/fr\/wp-json\/wp\/v2\/posts\/3797","targetHints":{"allow":["GET"]}}],"collection":[{"href":"http:\/\/daltec.ch\/fr\/wp-json\/wp\/v2\/posts"}],"about":[{"href":"http:\/\/daltec.ch\/fr\/wp-json\/wp\/v2\/types\/post"}],"author":[{"embeddable":true,"href":"http:\/\/daltec.ch\/fr\/wp-json\/wp\/v2\/users\/1"}],"replies":[{"embeddable":true,"href":"http:\/\/daltec.ch\/fr\/wp-json\/wp\/v2\/comments?post=3797"}],"version-history":[{"count":1,"href":"http:\/\/daltec.ch\/fr\/wp-json\/wp\/v2\/posts\/3797\/revisions"}],"predecessor-version":[{"id":3810,"href":"http:\/\/daltec.ch\/fr\/wp-json\/wp\/v2\/posts\/3797\/revisions\/3810"}],"wp:featuredmedia":[{"embeddable":true,"href":"http:\/\/daltec.ch\/fr\/wp-json\/wp\/v2\/media\/3800"}],"wp:attachment":[{"href":"http:\/\/daltec.ch\/fr\/wp-json\/wp\/v2\/media?parent=3797"}],"wp:term":[{"taxonomy":"category","embeddable":true,"href":"http:\/\/daltec.ch\/fr\/wp-json\/wp\/v2\/categories?post=3797"},{"taxonomy":"post_tag","embeddable":true,"href":"http:\/\/daltec.ch\/fr\/wp-json\/wp\/v2\/tags?post=3797"}],"curies":[{"name":"wp","href":"https:\/\/api.w.org\/{rel}","templated":true}]}}