{"id":4348,"date":"2026-02-13T06:29:07","date_gmt":"2026-02-13T06:29:07","guid":{"rendered":"https:\/\/daltec.ch\/?p=4348"},"modified":"2026-02-13T06:30:51","modified_gmt":"2026-02-13T06:30:51","slug":"daltec-mini-camper-zum-selbst-ausbauen-mini-camper-daltec-a-amenager-soi-meme-%e2%9c%a8%e2%9c%a8%e2%9c%a8-%e2%9c%a8%e2%9c%a8%e2%9c%a8","status":"publish","type":"post","link":"http:\/\/daltec.ch\/fr\/archive\/4348","title":{"rendered":"Daltec Mini Camper zum selbst ausbauen \u2728\u2728\u2728"},"content":{"rendered":"<p>Mini Camper Daltec \u00e0 am\u00e9nager soi-m\u00eame \u2728\u2728\u2728<\/p>\n<p><img loading=\"lazy\" decoding=\"async\" class=\"alignnone wp-image-4350\" src=\"https:\/\/daltec.ch\/wp-content\/uploads\/2026\/02\/Mini-Kamper-2.jpeg\" alt=\"\" width=\"251\" height=\"188\" \/><img loading=\"lazy\" decoding=\"async\" class=\"alignnone wp-image-4351\" src=\"https:\/\/daltec.ch\/wp-content\/uploads\/2026\/02\/Mini-Kamper-3.jpeg\" alt=\"\" width=\"249\" height=\"187\" \/><img loading=\"lazy\" decoding=\"async\" class=\"alignnone wp-image-4354\" src=\"https:\/\/daltec.ch\/wp-content\/uploads\/2026\/02\/Mini-Kamper-6.jpeg\" alt=\"\" width=\"246\" height=\"184\" \/><img loading=\"lazy\" decoding=\"async\" class=\"alignnone wp-image-4353\" src=\"https:\/\/daltec.ch\/wp-content\/uploads\/2026\/02\/Mini-Kamper-5.jpeg\" alt=\"\" width=\"248\" height=\"186\" \/> <img loading=\"lazy\" decoding=\"async\" class=\"alignnone wp-image-4352\" src=\"https:\/\/daltec.ch\/wp-content\/uploads\/2026\/02\/Mini-Kamper-4.jpeg\" alt=\"\" width=\"139\" height=\"186\" \/><\/p>","protected":false},"excerpt":{"rendered":"<p>Daltec Mini Camper zum selbst ausbauen \u2728\u2728\u2728<\/p>","protected":false},"author":1,"featured_media":4349,"comment_status":"open","ping_status":"open","sticky":false,"template":"","format":"standard","meta":{"_acf_changed":false,"footnotes":""},"categories":[1],"tags":[],"class_list":["post-4348","post","type-post","status-publish","format-standard","has-post-thumbnail","hentry","category-news"],"acf":[],"featured_image_src":{"landsacpe":["https:\/\/daltec.ch\/wp-content\/uploads\/2026\/02\/Mini-Kamper-1-1140x445.jpeg",1140,445,true],"list":["https:\/\/daltec.ch\/wp-content\/uploads\/2026\/02\/Mini-Kamper-1-463x348.jpeg",463,348,true],"medium":["https:\/\/daltec.ch\/wp-content\/uploads\/2026\/02\/Mini-Kamper-1-300x225.jpeg",300,225,true],"full":["https:\/\/daltec.ch\/wp-content\/uploads\/2026\/02\/Mini-Kamper-1.jpeg",1600,1200,false]},"yoast_head":"<!-- This site is optimized with the Yoast SEO plugin v27.4 - https:\/\/yoast.com\/product\/yoast-seo-wordpress\/ -->\n<title>Daltec Mini Camper zum selbst ausbauen \u2728\u2728\u2728 - Daltec<\/title>\n<meta name=\"robots\" content=\"index, follow, max-snippet:-1, max-image-preview:large, max-video-preview:-1\" \/>\n<link rel=\"canonical\" href=\"https:\/\/daltec.ch\/fr\/archive\/4348\/\" \/>\n<meta property=\"og:locale\" content=\"fr_FR\" \/>\n<meta property=\"og:type\" content=\"article\" \/>\n<meta property=\"og:title\" content=\"Daltec Mini Camper zum selbst ausbauen \u2728\u2728\u2728 - Daltec\" \/>\n<meta property=\"og:description\" content=\"Daltec Mini Camper zum selbst ausbauen \u2728\u2728\u2728\" \/>\n<meta property=\"og:url\" content=\"https:\/\/daltec.ch\/fr\/archive\/4348\/\" \/>\n<meta property=\"og:site_name\" content=\"Daltec\" \/>\n<meta property=\"article:publisher\" content=\"https:\/\/www.facebook.com\/DaltecAG\" \/>\n<meta property=\"article:published_time\" content=\"2026-02-13T06:29:07+00:00\" \/>\n<meta property=\"article:modified_time\" content=\"2026-02-13T06:30:51+00:00\" \/>\n<meta property=\"og:image\" content=\"https:\/\/daltec.ch\/wp-content\/uploads\/2026\/02\/Mini-Kamper-1.jpeg\" \/>\n\t<meta property=\"og:image:width\" content=\"1600\" \/>\n\t<meta property=\"og:image:height\" content=\"1200\" \/>\n\t<meta property=\"og:image:type\" content=\"image\/jpeg\" \/>\n<meta name=\"author\" content=\"Daniela\" \/>\n<meta name=\"twitter:card\" content=\"summary_large_image\" \/>\n<meta name=\"twitter:label1\" content=\"\u00c9crit par\" \/>\n\t<meta name=\"twitter:data1\" content=\"Daniela\" \/>\n\t<meta name=\"twitter:label2\" content=\"Dur\u00e9e de lecture estim\u00e9e\" \/>\n\t<meta name=\"twitter:data2\" content=\"2 minutes\" \/>\n<script type=\"application\/ld+json\" class=\"yoast-schema-graph\">{\"@context\":\"https:\\\/\\\/schema.org\",\"@graph\":[{\"@type\":\"Article\",\"@id\":\"https:\\\/\\\/daltec.ch\\\/archive\\\/4348#article\",\"isPartOf\":{\"@id\":\"https:\\\/\\\/daltec.ch\\\/archive\\\/4348\"},\"author\":{\"name\":\"Daniela\",\"@id\":\"https:\\\/\\\/daltec.ch\\\/fr\\\/#\\\/schema\\\/person\\\/6dbfa4f62bf285ab82aaece448a4449a\"},\"headline\":\"Daltec Mini Camper zum selbst ausbauen \u2728\u2728\u2728\",\"datePublished\":\"2026-02-13T06:29:07+00:00\",\"dateModified\":\"2026-02-13T06:30:51+00:00\",\"mainEntityOfPage\":{\"@id\":\"https:\\\/\\\/daltec.ch\\\/archive\\\/4348\"},\"wordCount\":13,\"commentCount\":0,\"publisher\":{\"@id\":\"https:\\\/\\\/daltec.ch\\\/fr\\\/#organization\"},\"image\":{\"@id\":\"https:\\\/\\\/daltec.ch\\\/archive\\\/4348#primaryimage\"},\"thumbnailUrl\":\"https:\\\/\\\/daltec.ch\\\/wp-content\\\/uploads\\\/2026\\\/02\\\/Mini-Kamper-1.jpeg\",\"articleSection\":[\"News\"],\"inLanguage\":\"fr-FR\",\"potentialAction\":[{\"@type\":\"CommentAction\",\"name\":\"Comment\",\"target\":[\"https:\\\/\\\/daltec.ch\\\/archive\\\/4348#respond\"]}]},{\"@type\":\"WebPage\",\"@id\":\"https:\\\/\\\/daltec.ch\\\/archive\\\/4348\",\"url\":\"https:\\\/\\\/daltec.ch\\\/archive\\\/4348\",\"name\":\"Daltec Mini Camper zum selbst ausbauen \u2728\u2728\u2728 - Daltec\",\"isPartOf\":{\"@id\":\"https:\\\/\\\/daltec.ch\\\/fr\\\/#website\"},\"primaryImageOfPage\":{\"@id\":\"https:\\\/\\\/daltec.ch\\\/archive\\\/4348#primaryimage\"},\"image\":{\"@id\":\"https:\\\/\\\/daltec.ch\\\/archive\\\/4348#primaryimage\"},\"thumbnailUrl\":\"https:\\\/\\\/daltec.ch\\\/wp-content\\\/uploads\\\/2026\\\/02\\\/Mini-Kamper-1.jpeg\",\"datePublished\":\"2026-02-13T06:29:07+00:00\",\"dateModified\":\"2026-02-13T06:30:51+00:00\",\"breadcrumb\":{\"@id\":\"https:\\\/\\\/daltec.ch\\\/archive\\\/4348#breadcrumb\"},\"inLanguage\":\"fr-FR\",\"potentialAction\":[{\"@type\":\"ReadAction\",\"target\":[\"https:\\\/\\\/daltec.ch\\\/archive\\\/4348\"]}]},{\"@type\":\"ImageObject\",\"inLanguage\":\"fr-FR\",\"@id\":\"https:\\\/\\\/daltec.ch\\\/archive\\\/4348#primaryimage\",\"url\":\"https:\\\/\\\/daltec.ch\\\/wp-content\\\/uploads\\\/2026\\\/02\\\/Mini-Kamper-1.jpeg\",\"contentUrl\":\"https:\\\/\\\/daltec.ch\\\/wp-content\\\/uploads\\\/2026\\\/02\\\/Mini-Kamper-1.jpeg\",\"width\":1600,\"height\":1200},{\"@type\":\"BreadcrumbList\",\"@id\":\"https:\\\/\\\/daltec.ch\\\/archive\\\/4348#breadcrumb\",\"itemListElement\":[{\"@type\":\"ListItem\",\"position\":1,\"name\":\"Startseite\",\"item\":\"https:\\\/\\\/daltec.ch\\\/\"},{\"@type\":\"ListItem\",\"position\":2,\"name\":\"Daltec Mini Camper zum selbst ausbauen \u2728\u2728\u2728\"}]},{\"@type\":\"WebSite\",\"@id\":\"https:\\\/\\\/daltec.ch\\\/fr\\\/#website\",\"url\":\"https:\\\/\\\/daltec.ch\\\/fr\\\/\",\"name\":\"Daltec Trailers\",\"description\":\"\",\"publisher\":{\"@id\":\"https:\\\/\\\/daltec.ch\\\/fr\\\/#organization\"},\"potentialAction\":[{\"@type\":\"SearchAction\",\"target\":{\"@type\":\"EntryPoint\",\"urlTemplate\":\"https:\\\/\\\/daltec.ch\\\/fr\\\/?s={search_term_string}\"},\"query-input\":{\"@type\":\"PropertyValueSpecification\",\"valueRequired\":true,\"valueName\":\"search_term_string\"}}],\"inLanguage\":\"fr-FR\"},{\"@type\":\"Organization\",\"@id\":\"https:\\\/\\\/daltec.ch\\\/fr\\\/#organization\",\"name\":\"Daltec AG\",\"url\":\"https:\\\/\\\/daltec.ch\\\/fr\\\/\",\"logo\":{\"@type\":\"ImageObject\",\"inLanguage\":\"fr-FR\",\"@id\":\"https:\\\/\\\/daltec.ch\\\/fr\\\/#\\\/schema\\\/logo\\\/image\\\/\",\"url\":\"https:\\\/\\\/daltec.ch\\\/wp-content\\\/uploads\\\/2025\\\/08\\\/dlteclogo.webp\",\"contentUrl\":\"https:\\\/\\\/daltec.ch\\\/wp-content\\\/uploads\\\/2025\\\/08\\\/dlteclogo.webp\",\"width\":500,\"height\":195,\"caption\":\"Daltec AG\"},\"image\":{\"@id\":\"https:\\\/\\\/daltec.ch\\\/fr\\\/#\\\/schema\\\/logo\\\/image\\\/\"},\"sameAs\":[\"https:\\\/\\\/www.facebook.com\\\/DaltecAG\"]},{\"@type\":\"Person\",\"@id\":\"https:\\\/\\\/daltec.ch\\\/fr\\\/#\\\/schema\\\/person\\\/6dbfa4f62bf285ab82aaece448a4449a\",\"name\":\"Daniela\",\"image\":{\"@type\":\"ImageObject\",\"inLanguage\":\"fr-FR\",\"@id\":\"https:\\\/\\\/secure.gravatar.com\\\/avatar\\\/26d915e548bab1cc424ef40d35e8ab718e67c577c70715b2bb2b7c188f3af16f?s=96&d=mm&r=g\",\"url\":\"https:\\\/\\\/secure.gravatar.com\\\/avatar\\\/26d915e548bab1cc424ef40d35e8ab718e67c577c70715b2bb2b7c188f3af16f?s=96&d=mm&r=g\",\"contentUrl\":\"https:\\\/\\\/secure.gravatar.com\\\/avatar\\\/26d915e548bab1cc424ef40d35e8ab718e67c577c70715b2bb2b7c188f3af16f?s=96&d=mm&r=g\",\"caption\":\"Daniela\"},\"sameAs\":[\"https:\\\/\\\/daltec.ch\"],\"url\":\"http:\\\/\\\/daltec.ch\\\/fr\\\/archive\\\/author\\\/damin\"}]}<\/script>\n<!-- \/ Yoast SEO plugin. -->","yoast_head_json":{"title":"Daltec Mini Camper zum selbst ausbauen \u2728\u2728\u2728 - Daltec","robots":{"index":"index","follow":"follow","max-snippet":"max-snippet:-1","max-image-preview":"max-image-preview:large","max-video-preview":"max-video-preview:-1"},"canonical":"https:\/\/daltec.ch\/fr\/archive\/4348\/","og_locale":"fr_FR","og_type":"article","og_title":"Daltec Mini Camper zum selbst ausbauen \u2728\u2728\u2728 - Daltec","og_description":"Daltec Mini Camper zum selbst ausbauen \u2728\u2728\u2728","og_url":"https:\/\/daltec.ch\/fr\/archive\/4348\/","og_site_name":"Daltec","article_publisher":"https:\/\/www.facebook.com\/DaltecAG","article_published_time":"2026-02-13T06:29:07+00:00","article_modified_time":"2026-02-13T06:30:51+00:00","og_image":[{"width":1600,"height":1200,"url":"https:\/\/daltec.ch\/wp-content\/uploads\/2026\/02\/Mini-Kamper-1.jpeg","type":"image\/jpeg"}],"author":"Daniela","twitter_card":"summary_large_image","twitter_misc":{"\u00c9crit par":"Daniela","Dur\u00e9e de lecture estim\u00e9e":"2 minutes"},"schema":{"@context":"https:\/\/schema.org","@graph":[{"@type":"Article","@id":"https:\/\/daltec.ch\/archive\/4348#article","isPartOf":{"@id":"https:\/\/daltec.ch\/archive\/4348"},"author":{"name":"Daniela","@id":"https:\/\/daltec.ch\/fr\/#\/schema\/person\/6dbfa4f62bf285ab82aaece448a4449a"},"headline":"Daltec Mini Camper zum selbst ausbauen \u2728\u2728\u2728","datePublished":"2026-02-13T06:29:07+00:00","dateModified":"2026-02-13T06:30:51+00:00","mainEntityOfPage":{"@id":"https:\/\/daltec.ch\/archive\/4348"},"wordCount":13,"commentCount":0,"publisher":{"@id":"https:\/\/daltec.ch\/fr\/#organization"},"image":{"@id":"https:\/\/daltec.ch\/archive\/4348#primaryimage"},"thumbnailUrl":"https:\/\/daltec.ch\/wp-content\/uploads\/2026\/02\/Mini-Kamper-1.jpeg","articleSection":["News"],"inLanguage":"fr-FR","potentialAction":[{"@type":"CommentAction","name":"Comment","target":["https:\/\/daltec.ch\/archive\/4348#respond"]}]},{"@type":"WebPage","@id":"https:\/\/daltec.ch\/archive\/4348","url":"https:\/\/daltec.ch\/archive\/4348","name":"Daltec Mini Camper zum selbst ausbauen \u2728\u2728\u2728 - Daltec","isPartOf":{"@id":"https:\/\/daltec.ch\/fr\/#website"},"primaryImageOfPage":{"@id":"https:\/\/daltec.ch\/archive\/4348#primaryimage"},"image":{"@id":"https:\/\/daltec.ch\/archive\/4348#primaryimage"},"thumbnailUrl":"https:\/\/daltec.ch\/wp-content\/uploads\/2026\/02\/Mini-Kamper-1.jpeg","datePublished":"2026-02-13T06:29:07+00:00","dateModified":"2026-02-13T06:30:51+00:00","breadcrumb":{"@id":"https:\/\/daltec.ch\/archive\/4348#breadcrumb"},"inLanguage":"fr-FR","potentialAction":[{"@type":"ReadAction","target":["https:\/\/daltec.ch\/archive\/4348"]}]},{"@type":"ImageObject","inLanguage":"fr-FR","@id":"https:\/\/daltec.ch\/archive\/4348#primaryimage","url":"https:\/\/daltec.ch\/wp-content\/uploads\/2026\/02\/Mini-Kamper-1.jpeg","contentUrl":"https:\/\/daltec.ch\/wp-content\/uploads\/2026\/02\/Mini-Kamper-1.jpeg","width":1600,"height":1200},{"@type":"BreadcrumbList","@id":"https:\/\/daltec.ch\/archive\/4348#breadcrumb","itemListElement":[{"@type":"ListItem","position":1,"name":"Startseite","item":"https:\/\/daltec.ch\/"},{"@type":"ListItem","position":2,"name":"Daltec Mini Camper zum selbst ausbauen \u2728\u2728\u2728"}]},{"@type":"WebSite","@id":"https:\/\/daltec.ch\/fr\/#website","url":"https:\/\/daltec.ch\/fr\/","name":"Daltec Trailers","description":"","publisher":{"@id":"https:\/\/daltec.ch\/fr\/#organization"},"potentialAction":[{"@type":"SearchAction","target":{"@type":"EntryPoint","urlTemplate":"https:\/\/daltec.ch\/fr\/?s={search_term_string}"},"query-input":{"@type":"PropertyValueSpecification","valueRequired":true,"valueName":"search_term_string"}}],"inLanguage":"fr-FR"},{"@type":"Organization","@id":"https:\/\/daltec.ch\/fr\/#organization","name":"Daltec AG","url":"https:\/\/daltec.ch\/fr\/","logo":{"@type":"ImageObject","inLanguage":"fr-FR","@id":"https:\/\/daltec.ch\/fr\/#\/schema\/logo\/image\/","url":"https:\/\/daltec.ch\/wp-content\/uploads\/2025\/08\/dlteclogo.webp","contentUrl":"https:\/\/daltec.ch\/wp-content\/uploads\/2025\/08\/dlteclogo.webp","width":500,"height":195,"caption":"Daltec AG"},"image":{"@id":"https:\/\/daltec.ch\/fr\/#\/schema\/logo\/image\/"},"sameAs":["https:\/\/www.facebook.com\/DaltecAG"]},{"@type":"Person","@id":"https:\/\/daltec.ch\/fr\/#\/schema\/person\/6dbfa4f62bf285ab82aaece448a4449a","name":"Daniela","image":{"@type":"ImageObject","inLanguage":"fr-FR","@id":"https:\/\/secure.gravatar.com\/avatar\/26d915e548bab1cc424ef40d35e8ab718e67c577c70715b2bb2b7c188f3af16f?s=96&d=mm&r=g","url":"https:\/\/secure.gravatar.com\/avatar\/26d915e548bab1cc424ef40d35e8ab718e67c577c70715b2bb2b7c188f3af16f?s=96&d=mm&r=g","contentUrl":"https:\/\/secure.gravatar.com\/avatar\/26d915e548bab1cc424ef40d35e8ab718e67c577c70715b2bb2b7c188f3af16f?s=96&d=mm&r=g","caption":"Daniela"},"sameAs":["https:\/\/daltec.ch"],"url":"http:\/\/daltec.ch\/fr\/archive\/author\/damin"}]}},"_links":{"self":[{"href":"http:\/\/daltec.ch\/fr\/wp-json\/wp\/v2\/posts\/4348","targetHints":{"allow":["GET"]}}],"collection":[{"href":"http:\/\/daltec.ch\/fr\/wp-json\/wp\/v2\/posts"}],"about":[{"href":"http:\/\/daltec.ch\/fr\/wp-json\/wp\/v2\/types\/post"}],"author":[{"embeddable":true,"href":"http:\/\/daltec.ch\/fr\/wp-json\/wp\/v2\/users\/1"}],"replies":[{"embeddable":true,"href":"http:\/\/daltec.ch\/fr\/wp-json\/wp\/v2\/comments?post=4348"}],"version-history":[{"count":4,"href":"http:\/\/daltec.ch\/fr\/wp-json\/wp\/v2\/posts\/4348\/revisions"}],"predecessor-version":[{"id":4358,"href":"http:\/\/daltec.ch\/fr\/wp-json\/wp\/v2\/posts\/4348\/revisions\/4358"}],"wp:featuredmedia":[{"embeddable":true,"href":"http:\/\/daltec.ch\/fr\/wp-json\/wp\/v2\/media\/4349"}],"wp:attachment":[{"href":"http:\/\/daltec.ch\/fr\/wp-json\/wp\/v2\/media?parent=4348"}],"wp:term":[{"taxonomy":"category","embeddable":true,"href":"http:\/\/daltec.ch\/fr\/wp-json\/wp\/v2\/categories?post=4348"},{"taxonomy":"post_tag","embeddable":true,"href":"http:\/\/daltec.ch\/fr\/wp-json\/wp\/v2\/tags?post=4348"}],"curies":[{"name":"wp","href":"https:\/\/api.w.org\/{rel}","templated":true}]}}