{"id":3830,"date":"2025-10-31T13:04:50","date_gmt":"2025-10-31T13:04:50","guid":{"rendered":"https:\/\/daltec.ch\/?p=3830"},"modified":"2025-10-31T13:04:50","modified_gmt":"2025-10-31T13:04:50","slug":"trucks-vans-qualitaet-und-komfort-auf-raedern","status":"publish","type":"post","link":"https:\/\/daltec.ch\/fr\/archive\/3830","title":{"rendered":"Trucks &#038; Vans: Qualit\u00e4t und Komfort auf R\u00e4dern"},"content":{"rendered":"<p><strong data-start=\"186\" data-end=\"241\">Daltec liefert neue STX- und ATX-Pferdetransporter.<\/strong><br data-start=\"241\" data-end=\"244\" \/>Die Modelle vereinen modernes Design, hohe Funktionalit\u00e4t und Sicherheit \u2013 entwickelt f\u00fcr den komfortablen Transport Ihrer Pferde.<\/p>\n<p><strong data-start=\"427\" data-end=\"492\">Daltec pr\u00e9sente les nouveaux camions pour chevaux STX et ATX.<\/strong><br data-start=\"492\" data-end=\"495\" \/>Un design moderne, une fonctionnalit\u00e9 optimale et une s\u00e9curit\u00e9 maximale \u2013 pour un transport confortable et s\u00fbr de vos chevaux.<\/p>\n<p><img loading=\"lazy\" decoding=\"async\" class=\"alignnone size-full wp-image-3831\" src=\"https:\/\/daltec.ch\/wp-content\/uploads\/2025\/10\/PFREDEWOCHE_FR-scaled.png\" alt=\"\" width=\"1810\" height=\"2560\" srcset=\"https:\/\/daltec.ch\/wp-content\/uploads\/2025\/10\/PFREDEWOCHE_FR-scaled.png 1810w, https:\/\/daltec.ch\/wp-content\/uploads\/2025\/10\/PFREDEWOCHE_FR-724x1024.png 724w, https:\/\/daltec.ch\/wp-content\/uploads\/2025\/10\/PFREDEWOCHE_FR-768x1086.png 768w, https:\/\/daltec.ch\/wp-content\/uploads\/2025\/10\/PFREDEWOCHE_FR-1086x1536.png 1086w, https:\/\/daltec.ch\/wp-content\/uploads\/2025\/10\/PFREDEWOCHE_FR-1448x2048.png 1448w, https:\/\/daltec.ch\/wp-content\/uploads\/2025\/10\/PFREDEWOCHE_FR-640x905.png 640w, https:\/\/daltec.ch\/wp-content\/uploads\/2025\/10\/PFREDEWOCHE_FR-400x566.png 400w, https:\/\/daltec.ch\/wp-content\/uploads\/2025\/10\/PFREDEWOCHE_FR-600x849.png 600w\" sizes=\"auto, (max-width: 1810px) 100vw, 1810px\" \/><\/p>","protected":false},"excerpt":{"rendered":"<p>Daltec liefert neue STX- und ATX-Pferdetransporter.Die Modelle vereinen modernes Design, hohe Funktionalit\u00e4t und Sicherheit \u2013 entwickelt f\u00fcr den komfortablen Transport Ihrer Pferde. Daltec pr\u00e9sente les nouveaux camions pour chevaux STX et ATX.Un design moderne, une fonctionnalit\u00e9 optimale et une s\u00e9curit\u00e9 maximale \u2013 pour un transport confortable et s\u00fbr de vos chevaux.<\/p>","protected":false},"author":1,"featured_media":3832,"comment_status":"open","ping_status":"open","sticky":false,"template":"","format":"standard","meta":{"_acf_changed":false,"rs_blank_template":"","rs_page_bg_color":"","slide_template_v7":"","footnotes":""},"categories":[1],"tags":[],"class_list":["post-3830","post","type-post","status-publish","format-standard","has-post-thumbnail","hentry","category-news"],"acf":[],"featured_image_src":{"landsacpe":["https:\/\/daltec.ch\/wp-content\/uploads\/2025\/10\/PFERDEWOCHE_DE-1140x445.png",1140,445,true],"list":["https:\/\/daltec.ch\/wp-content\/uploads\/2025\/10\/PFERDEWOCHE_DE-463x348.png",463,348,true],"medium":["https:\/\/daltec.ch\/wp-content\/uploads\/2025\/10\/PFERDEWOCHE_DE-212x300.png",212,300,true],"full":["https:\/\/daltec.ch\/wp-content\/uploads\/2025\/10\/PFERDEWOCHE_DE-scaled.png",1811,2560,false]},"_links":{"self":[{"href":"https:\/\/daltec.ch\/fr\/wp-json\/wp\/v2\/posts\/3830","targetHints":{"allow":["GET"]}}],"collection":[{"href":"https:\/\/daltec.ch\/fr\/wp-json\/wp\/v2\/posts"}],"about":[{"href":"https:\/\/daltec.ch\/fr\/wp-json\/wp\/v2\/types\/post"}],"author":[{"embeddable":true,"href":"https:\/\/daltec.ch\/fr\/wp-json\/wp\/v2\/users\/1"}],"replies":[{"embeddable":true,"href":"https:\/\/daltec.ch\/fr\/wp-json\/wp\/v2\/comments?post=3830"}],"version-history":[{"count":1,"href":"https:\/\/daltec.ch\/fr\/wp-json\/wp\/v2\/posts\/3830\/revisions"}],"predecessor-version":[{"id":3833,"href":"https:\/\/daltec.ch\/fr\/wp-json\/wp\/v2\/posts\/3830\/revisions\/3833"}],"wp:featuredmedia":[{"embeddable":true,"href":"https:\/\/daltec.ch\/fr\/wp-json\/wp\/v2\/media\/3832"}],"wp:attachment":[{"href":"https:\/\/daltec.ch\/fr\/wp-json\/wp\/v2\/media?parent=3830"}],"wp:term":[{"taxonomy":"category","embeddable":true,"href":"https:\/\/daltec.ch\/fr\/wp-json\/wp\/v2\/categories?post=3830"},{"taxonomy":"post_tag","embeddable":true,"href":"https:\/\/daltec.ch\/fr\/wp-json\/wp\/v2\/tags?post=3830"}],"curies":[{"name":"wp","href":"https:\/\/api.w.org\/{rel}","templated":true}]}}