{"id":4021,"date":"2025-11-28T04:56:29","date_gmt":"2025-11-28T04:56:29","guid":{"rendered":"https:\/\/daltec.ch\/?p=4021"},"modified":"2025-11-28T04:56:29","modified_gmt":"2025-11-28T04:56:29","slug":"black-friday-occassion","status":"publish","type":"post","link":"https:\/\/daltec.ch\/fr\/archive\/4021","title":{"rendered":"Black Friday Occassion"},"content":{"rendered":"<p>Nur heute!<br \/>\nNeue Lageranh\u00e4nger.<br \/>\nSerien- und Sonderanh\u00e4nger ab Lager zum Sonderpreis!<\/p>\n<p>Gebrauchte Nutzfahrzeuge und Anh\u00e4nger aller Kategorien!<br \/>\nAlle Fahrzeuge einsatzbereit und noch viele Jahre nutzbar!<\/p>\n<p>Machen Sie uns ein Angebot\u2026<\/p>\n<p>#BlackFriday #NurHeute #Anh\u00e4nger #Lageranh\u00e4nger #Anh\u00e4ngerKaufen<br \/>\n#Nutzfahrzeuge #Gebrauchtfahrzeuge #TrailerSale #TopAngebot #Sonderpreis<br \/>\n#Fahrzeugmarkt #Schweiz #Transport #Logistik #KMU<\/p>\n<p>? BLACK FRIDAY \u2013 Seulement aujourd\u2019hui !<br \/>\nRemorques neuves de stock.<br \/>\nMod\u00e8les de s\u00e9rie ou produits sp\u00e9ciaux, livrables imm\u00e9diatement au prix du jour !<\/p>\n<p>V\u00e9hicules utilitaires et remorques d\u2019occasion, toutes cat\u00e9gories, en tr\u00e8s bon \u00e9tat.<br \/>\nUtilisables encore pendant de nombreuses ann\u00e9es.<\/p>\n<p>Faites-nous une offre\u2026<\/p>\n<p>#BlackFriday #SeulementAujourdhui #Remorques #RemorqueNeuve #RemorqueOccasion<br \/>\n#VehiculesUtilitaires #BonEtat #StockDisponible #OffreDuJour #Transport #Logistique #Suisse<\/p>","protected":false},"excerpt":{"rendered":"<p>Nur heute! Neue Lageranh\u00e4nger. Serien- und Sonderanh\u00e4nger ab Lager zum Sonderpreis! Gebrauchte Nutzfahrzeuge und Anh\u00e4nger aller Kategorien! Alle Fahrzeuge einsatzbereit und noch viele Jahre nutzbar! Machen Sie uns ein Angebot\u2026 #BlackFriday #NurHeute #Anh\u00e4nger #Lageranh\u00e4nger #Anh\u00e4ngerKaufen #Nutzfahrzeuge #Gebrauchtfahrzeuge #TrailerSale #TopAngebot #Sonderpreis #Fahrzeugmarkt #Schweiz #Transport #Logistik #KMU ? BLACK FRIDAY \u2013 Seulement aujourd\u2019hui ! Remorques neuves de [&hellip;]<\/p>\n","protected":false},"author":1,"featured_media":4022,"comment_status":"open","ping_status":"open","sticky":false,"template":"","format":"standard","meta":{"_acf_changed":false,"rs_blank_template":"","rs_page_bg_color":"","slide_template_v7":"","footnotes":""},"categories":[1],"tags":[],"class_list":["post-4021","post","type-post","status-publish","format-standard","has-post-thumbnail","hentry","category-news"],"acf":[],"featured_image_src":{"landsacpe":["https:\/\/daltec.ch\/wp-content\/uploads\/2025\/11\/Occasionsliste-Black-Friday_page-0001-1-1140x445.jpg",1140,445,true],"list":["https:\/\/daltec.ch\/wp-content\/uploads\/2025\/11\/Occasionsliste-Black-Friday_page-0001-1-463x348.jpg",463,348,true],"medium":["https:\/\/daltec.ch\/wp-content\/uploads\/2025\/11\/Occasionsliste-Black-Friday_page-0001-1-300x212.jpg",300,212,true],"full":["https:\/\/daltec.ch\/wp-content\/uploads\/2025\/11\/Occasionsliste-Black-Friday_page-0001-1.jpg",2481,1755,false]},"_links":{"self":[{"href":"https:\/\/daltec.ch\/fr\/wp-json\/wp\/v2\/posts\/4021","targetHints":{"allow":["GET"]}}],"collection":[{"href":"https:\/\/daltec.ch\/fr\/wp-json\/wp\/v2\/posts"}],"about":[{"href":"https:\/\/daltec.ch\/fr\/wp-json\/wp\/v2\/types\/post"}],"author":[{"embeddable":true,"href":"https:\/\/daltec.ch\/fr\/wp-json\/wp\/v2\/users\/1"}],"replies":[{"embeddable":true,"href":"https:\/\/daltec.ch\/fr\/wp-json\/wp\/v2\/comments?post=4021"}],"version-history":[{"count":1,"href":"https:\/\/daltec.ch\/fr\/wp-json\/wp\/v2\/posts\/4021\/revisions"}],"predecessor-version":[{"id":4023,"href":"https:\/\/daltec.ch\/fr\/wp-json\/wp\/v2\/posts\/4021\/revisions\/4023"}],"wp:featuredmedia":[{"embeddable":true,"href":"https:\/\/daltec.ch\/fr\/wp-json\/wp\/v2\/media\/4022"}],"wp:attachment":[{"href":"https:\/\/daltec.ch\/fr\/wp-json\/wp\/v2\/media?parent=4021"}],"wp:term":[{"taxonomy":"category","embeddable":true,"href":"https:\/\/daltec.ch\/fr\/wp-json\/wp\/v2\/categories?post=4021"},{"taxonomy":"post_tag","embeddable":true,"href":"https:\/\/daltec.ch\/fr\/wp-json\/wp\/v2\/tags?post=4021"}],"curies":[{"name":"wp","href":"https:\/\/api.w.org\/{rel}","templated":true}]}}