{"id":4348,"date":"2026-02-13T06:29:07","date_gmt":"2026-02-13T06:29:07","guid":{"rendered":"https:\/\/daltec.ch\/?p=4348"},"modified":"2026-02-13T06:30:51","modified_gmt":"2026-02-13T06:30:51","slug":"daltec-mini-camper-zum-selbst-ausbauen-mini-camper-daltec-a-amenager-soi-meme-%e2%9c%a8%e2%9c%a8%e2%9c%a8-%e2%9c%a8%e2%9c%a8%e2%9c%a8","status":"publish","type":"post","link":"https:\/\/daltec.ch\/fr\/archive\/4348","title":{"rendered":"Daltec Mini Camper zum selbst ausbauen \u2728\u2728\u2728"},"content":{"rendered":"<p>Mini Camper Daltec \u00e0 am\u00e9nager soi-m\u00eame \u2728\u2728\u2728<\/p>\n<p><img loading=\"lazy\" decoding=\"async\" class=\"alignnone wp-image-4350\" src=\"https:\/\/daltec.ch\/wp-content\/uploads\/2026\/02\/Mini-Kamper-2.jpeg\" alt=\"\" width=\"251\" height=\"188\" \/><img loading=\"lazy\" decoding=\"async\" class=\"alignnone wp-image-4351\" src=\"https:\/\/daltec.ch\/wp-content\/uploads\/2026\/02\/Mini-Kamper-3.jpeg\" alt=\"\" width=\"249\" height=\"187\" \/><img loading=\"lazy\" decoding=\"async\" class=\"alignnone wp-image-4354\" src=\"https:\/\/daltec.ch\/wp-content\/uploads\/2026\/02\/Mini-Kamper-6.jpeg\" alt=\"\" width=\"246\" height=\"184\" \/><img loading=\"lazy\" decoding=\"async\" class=\"alignnone wp-image-4353\" src=\"https:\/\/daltec.ch\/wp-content\/uploads\/2026\/02\/Mini-Kamper-5.jpeg\" alt=\"\" width=\"248\" height=\"186\" \/> <img loading=\"lazy\" decoding=\"async\" class=\"alignnone wp-image-4352\" src=\"https:\/\/daltec.ch\/wp-content\/uploads\/2026\/02\/Mini-Kamper-4.jpeg\" alt=\"\" width=\"139\" height=\"186\" \/><\/p>","protected":false},"excerpt":{"rendered":"<p>Daltec Mini Camper zum selbst ausbauen \u2728\u2728\u2728<\/p>","protected":false},"author":1,"featured_media":4349,"comment_status":"open","ping_status":"open","sticky":false,"template":"","format":"standard","meta":{"_acf_changed":false,"rs_blank_template":"","rs_page_bg_color":"","slide_template_v7":"","footnotes":""},"categories":[1],"tags":[],"class_list":["post-4348","post","type-post","status-publish","format-standard","has-post-thumbnail","hentry","category-news"],"acf":[],"featured_image_src":{"landsacpe":["https:\/\/daltec.ch\/wp-content\/uploads\/2026\/02\/Mini-Kamper-1-1140x445.jpeg",1140,445,true],"list":["https:\/\/daltec.ch\/wp-content\/uploads\/2026\/02\/Mini-Kamper-1-463x348.jpeg",463,348,true],"medium":["https:\/\/daltec.ch\/wp-content\/uploads\/2026\/02\/Mini-Kamper-1-300x225.jpeg",300,225,true],"full":["https:\/\/daltec.ch\/wp-content\/uploads\/2026\/02\/Mini-Kamper-1.jpeg",1600,1200,false]},"_links":{"self":[{"href":"https:\/\/daltec.ch\/fr\/wp-json\/wp\/v2\/posts\/4348","targetHints":{"allow":["GET"]}}],"collection":[{"href":"https:\/\/daltec.ch\/fr\/wp-json\/wp\/v2\/posts"}],"about":[{"href":"https:\/\/daltec.ch\/fr\/wp-json\/wp\/v2\/types\/post"}],"author":[{"embeddable":true,"href":"https:\/\/daltec.ch\/fr\/wp-json\/wp\/v2\/users\/1"}],"replies":[{"embeddable":true,"href":"https:\/\/daltec.ch\/fr\/wp-json\/wp\/v2\/comments?post=4348"}],"version-history":[{"count":4,"href":"https:\/\/daltec.ch\/fr\/wp-json\/wp\/v2\/posts\/4348\/revisions"}],"predecessor-version":[{"id":4358,"href":"https:\/\/daltec.ch\/fr\/wp-json\/wp\/v2\/posts\/4348\/revisions\/4358"}],"wp:featuredmedia":[{"embeddable":true,"href":"https:\/\/daltec.ch\/fr\/wp-json\/wp\/v2\/media\/4349"}],"wp:attachment":[{"href":"https:\/\/daltec.ch\/fr\/wp-json\/wp\/v2\/media?parent=4348"}],"wp:term":[{"taxonomy":"category","embeddable":true,"href":"https:\/\/daltec.ch\/fr\/wp-json\/wp\/v2\/categories?post=4348"},{"taxonomy":"post_tag","embeddable":true,"href":"https:\/\/daltec.ch\/fr\/wp-json\/wp\/v2\/tags?post=4348"}],"curies":[{"name":"wp","href":"https:\/\/api.w.org\/{rel}","templated":true}]}}